{"id":837,"date":"2018-03-27T15:43:28","date_gmt":"2018-03-27T13:43:28","guid":{"rendered":"https:\/\/omsvillejuif.fr\/blog\/?p=837"},"modified":"2018-03-27T15:43:28","modified_gmt":"2018-03-27T13:43:28","slug":"pre-meeting-dathletisme-de-villejuif","status":"publish","type":"post","link":"https:\/\/omsvillejuif.fr\/blog\/2018\/03\/pre-meeting-dathletisme-de-villejuif\/","title":{"rendered":"Pr\u00e9-Meeting d&rsquo;Athl\u00e9tisme de Villejuif"},"content":{"rendered":"<p style=\"text-align: justify;\">\u00c0 l&rsquo;occasion du Premier Meeting d&rsquo;Athl\u00e9tisme de Villejuif\u00a0qui se d\u00e9roulera l&rsquo;apr\u00e8s-midi, l&rsquo;ASFI organise en amont une comp\u00e9tition pour tous les Villejuifois (\u00e0 partir de 10 ans).<\/p>\n<p>Les villejuifois pourront concourir au 50m, 100m, 1.000m, saut en longueur et lancer de vortex.<\/p>\n<p>Des entra\u00eenements auront lieu en amont pour pr\u00e9parer les futurs athl\u00e8tes:<\/p>\n<p>-Les 16, 18, 19, 23, 25 et 26 avril de 14h \u00e0 16h pour les Eveils\/Poussins (Primaires 6\/11ans)<br \/>\n-Les 19 et 26 avril de 15h30 \u00e0 17h30 pour les Benjamins\/Minimes (Coll\u00e9giens 12\/15ans)<br \/>\n-Tous les mardi\/jeudi d&rsquo;avril de 18h45 \u00e0 19h45 \u00e0 partir de Cadets (16 ans et plus)<\/p>\n<p>Inscriptions obligatoires:<br \/>\nPar t\u00e9l\u00e9phone \u00e0 l&rsquo;OMS au 01.56.20.03.03<br \/>\nPar mail \u00e0 loic.steinville@omsvillejuif.fr<\/p>\n<p style=\"text-align: justify;\"><img loading=\"lazy\" decoding=\"async\" class=\"alignnone wp-image-838 size-large\" style=\"font-size: 1rem;\" src=\"https:\/\/omsvillejuif.fr\/blog\/wp-content\/uploads\/2018\/03\/Aff-Pr\u00e9-Meeting-1024x730.jpg\" alt=\"\" width=\"625\" height=\"446\" srcset=\"https:\/\/omsvillejuif.fr\/blog\/wp-content\/uploads\/2018\/03\/Aff-Pr\u00e9-Meeting-1024x730.jpg 1024w, https:\/\/omsvillejuif.fr\/blog\/wp-content\/uploads\/2018\/03\/Aff-Pr\u00e9-Meeting-300x214.jpg 300w, https:\/\/omsvillejuif.fr\/blog\/wp-content\/uploads\/2018\/03\/Aff-Pr\u00e9-Meeting-768x547.jpg 768w, https:\/\/omsvillejuif.fr\/blog\/wp-content\/uploads\/2018\/03\/Aff-Pr\u00e9-Meeting-624x445.jpg 624w, https:\/\/omsvillejuif.fr\/blog\/wp-content\/uploads\/2018\/03\/Aff-Pr\u00e9-Meeting.jpg 2048w\" sizes=\"auto, (max-width: 625px) 100vw, 625px\" \/><\/p>\n","protected":false},"excerpt":{"rendered":"<p>\u00c0 l&rsquo;occasion du Premier Meeting d&rsquo;Athl\u00e9tisme de Villejuif\u00a0qui se d\u00e9roulera l&rsquo;apr\u00e8s-midi, l&rsquo;ASFI organise en amont une comp\u00e9tition pour tous les Villejuifois (\u00e0 partir de 10 ans). Les villejuifois pourront concourir au 50m, 100m, 1.000m, saut en longueur et lancer de vortex. Des entra\u00eenements auront lieu en amont pour pr\u00e9parer les futurs athl\u00e8tes: -Les 16, 18, [&hellip;]<\/p>\n","protected":false},"author":3,"featured_media":0,"comment_status":"open","ping_status":"closed","sticky":false,"template":"","format":"standard","meta":{"footnotes":""},"categories":[1],"tags":[],"class_list":["post-837","post","type-post","status-publish","format-standard","hentry","category-non-classe"],"_links":{"self":[{"href":"https:\/\/omsvillejuif.fr\/blog\/wp-json\/wp\/v2\/posts\/837","targetHints":{"allow":["GET"]}}],"collection":[{"href":"https:\/\/omsvillejuif.fr\/blog\/wp-json\/wp\/v2\/posts"}],"about":[{"href":"https:\/\/omsvillejuif.fr\/blog\/wp-json\/wp\/v2\/types\/post"}],"author":[{"embeddable":true,"href":"https:\/\/omsvillejuif.fr\/blog\/wp-json\/wp\/v2\/users\/3"}],"replies":[{"embeddable":true,"href":"https:\/\/omsvillejuif.fr\/blog\/wp-json\/wp\/v2\/comments?post=837"}],"version-history":[{"count":1,"href":"https:\/\/omsvillejuif.fr\/blog\/wp-json\/wp\/v2\/posts\/837\/revisions"}],"predecessor-version":[{"id":839,"href":"https:\/\/omsvillejuif.fr\/blog\/wp-json\/wp\/v2\/posts\/837\/revisions\/839"}],"wp:attachment":[{"href":"https:\/\/omsvillejuif.fr\/blog\/wp-json\/wp\/v2\/media?parent=837"}],"wp:term":[{"taxonomy":"category","embeddable":true,"href":"https:\/\/omsvillejuif.fr\/blog\/wp-json\/wp\/v2\/categories?post=837"},{"taxonomy":"post_tag","embeddable":true,"href":"https:\/\/omsvillejuif.fr\/blog\/wp-json\/wp\/v2\/tags?post=837"}],"curies":[{"name":"wp","href":"https:\/\/api.w.org\/{rel}","templated":true}]}}