{"id":1736,"date":"2025-03-25T09:48:41","date_gmt":"2025-03-25T08:48:41","guid":{"rendered":"https:\/\/omsvillejuif.fr\/blog\/?p=1736"},"modified":"2025-03-25T09:56:01","modified_gmt":"2025-03-25T08:56:01","slug":"une-annee-exceptionnelle-pour-lusv-judo-un-record-dadherents-et-des-ambitions-pour-2025","status":"publish","type":"post","link":"https:\/\/omsvillejuif.fr\/blog\/2025\/03\/une-annee-exceptionnelle-pour-lusv-judo-un-record-dadherents-et-des-ambitions-pour-2025\/","title":{"rendered":"Une ann\u00e9e exceptionnelle pour l&rsquo;USV Judo : un record d&rsquo;adh\u00e9rents et des ambitions pour 2025"},"content":{"rendered":"<p data-ogsc=\"black\" data-olk-copy-source=\"MessageBody\">L&rsquo;assembl\u00e9e g\u00e9n\u00e9rale de l&rsquo;USV Judo, qui s&rsquo;est tenue r\u00e9cemment, a \u00e9t\u00e9 marqu\u00e9e par la pr\u00e9sence de l&rsquo;Office Municipal des Sports (OMS), repr\u00e9sent\u00e9 par sa pr\u00e9sidente S\u00e9verine LANOUE. Cette assembl\u00e9e a \u00e9t\u00e9 l&rsquo;occasion de dresser un bilan tr\u00e8s positif d&rsquo;une ann\u00e9e exceptionnelle pour le club villejuifois.<\/p>\n<div data-ogsc=\"black\" data-olk-copy-source=\"MessageBody\"><\/div>\n<p data-ogsc=\"black\">L&rsquo;inauguration du tout nouveau dojo Lucie Decosse a jou\u00e9 un r\u00f4le d\u00e9cisif dans cette dynamique. Avec une infrastructure moderne et adapt\u00e9e, l&rsquo;USV Judo a tripl\u00e9 son nombre de licenci\u00e9s, atteignant un record historique de 460 membres. Ce chiffre in\u00e9gal\u00e9 t\u00e9moigne de l&rsquo;engouement grandissant pour la discipline et de l&rsquo;attractivit\u00e9 du club.<\/p>\n<div data-ogsc=\"black\"><\/div>\n<p data-ogsc=\"black\">L&rsquo;ann\u00e9e 2025 s&rsquo;annonce d\u00e9j\u00e0 sous les meilleurs auspices. L&rsquo;effet Jeux Olympiques, amplifi\u00e9 par les performances remarquables des judokas fran\u00e7ais lors de la derni\u00e8re \u00e9dition, devrait continuer \u00e0 renforcer l&rsquo;int\u00e9r\u00eat pour le judo. La victoire en or de Teddy Riner, notre porte-drapeau, figure embl\u00e9matique du sport fran\u00e7ais et toujours troisi\u00e8me personnalit\u00e9 pr\u00e9f\u00e9r\u00e9e des Fran\u00e7ais, contribue \u00e0 cet \u00e9lan, merci et encore bravo \u00e0 lui.<\/p>\n<div data-ogsc=\"black\"><\/div>\n<p data-ogsc=\"black\">Au-del\u00e0 des chiffres, l&rsquo;USV Judo peut \u00e9galement se f\u00e9liciter de ses excellents r\u00e9sultats sportifs. Les judokas villejuifois ont brill\u00e9 sur les tatamis, soulignant le travail remarquable des dirigeants et des b\u00e9n\u00e9voles. Leur engagement et leur passion permettent au club de rayonner un peu plus encore dans le paysage sportif local.<\/p>\n<div data-ogsc=\"black\"><\/div>\n<p data-ogsc=\"black\">F\u00e9licitations \u00e0 l&rsquo;USV Judo pour cette ann\u00e9e exceptionnelle et cap sur 2025, qui promet d&rsquo;\u00eatre encore plus brillante !<\/p>\n","protected":false},"excerpt":{"rendered":"<p>L&rsquo;assembl\u00e9e g\u00e9n\u00e9rale de l&rsquo;USV Judo, qui s&rsquo;est tenue r\u00e9cemment, a \u00e9t\u00e9 marqu\u00e9e par la pr\u00e9sence de l&rsquo;Office Municipal des Sports (OMS), repr\u00e9sent\u00e9 par sa pr\u00e9sidente S\u00e9verine LANOUE. Cette assembl\u00e9e a \u00e9t\u00e9 l&rsquo;occasion de dresser un bilan tr\u00e8s positif d&rsquo;une ann\u00e9e exceptionnelle pour le club villejuifois. L&rsquo;inauguration du tout nouveau dojo Lucie Decosse a jou\u00e9 un [&hellip;]<\/p>\n","protected":false},"author":14,"featured_media":1737,"comment_status":"open","ping_status":"closed","sticky":false,"template":"","format":"standard","meta":{"footnotes":""},"categories":[1],"tags":[],"class_list":["post-1736","post","type-post","status-publish","format-standard","has-post-thumbnail","hentry","category-non-classe"],"_links":{"self":[{"href":"https:\/\/omsvillejuif.fr\/blog\/wp-json\/wp\/v2\/posts\/1736","targetHints":{"allow":["GET"]}}],"collection":[{"href":"https:\/\/omsvillejuif.fr\/blog\/wp-json\/wp\/v2\/posts"}],"about":[{"href":"https:\/\/omsvillejuif.fr\/blog\/wp-json\/wp\/v2\/types\/post"}],"author":[{"embeddable":true,"href":"https:\/\/omsvillejuif.fr\/blog\/wp-json\/wp\/v2\/users\/14"}],"replies":[{"embeddable":true,"href":"https:\/\/omsvillejuif.fr\/blog\/wp-json\/wp\/v2\/comments?post=1736"}],"version-history":[{"count":3,"href":"https:\/\/omsvillejuif.fr\/blog\/wp-json\/wp\/v2\/posts\/1736\/revisions"}],"predecessor-version":[{"id":1740,"href":"https:\/\/omsvillejuif.fr\/blog\/wp-json\/wp\/v2\/posts\/1736\/revisions\/1740"}],"wp:featuredmedia":[{"embeddable":true,"href":"https:\/\/omsvillejuif.fr\/blog\/wp-json\/wp\/v2\/media\/1737"}],"wp:attachment":[{"href":"https:\/\/omsvillejuif.fr\/blog\/wp-json\/wp\/v2\/media?parent=1736"}],"wp:term":[{"taxonomy":"category","embeddable":true,"href":"https:\/\/omsvillejuif.fr\/blog\/wp-json\/wp\/v2\/categories?post=1736"},{"taxonomy":"post_tag","embeddable":true,"href":"https:\/\/omsvillejuif.fr\/blog\/wp-json\/wp\/v2\/tags?post=1736"}],"curies":[{"name":"wp","href":"https:\/\/api.w.org\/{rel}","templated":true}]}}