{"id":1722,"date":"2025-02-11T11:51:31","date_gmt":"2025-02-11T10:51:31","guid":{"rendered":"https:\/\/omsvillejuif.fr\/blog\/?p=1722"},"modified":"2025-02-11T11:52:36","modified_gmt":"2025-02-11T10:52:36","slug":"les-nouveaux-dirigeants-de-loffice-municipale-des-sports-de-villejuif-etaient-presents-pour-la-7eme-edition-du-gala-de-boxe-villejuif-boxing-show","status":"publish","type":"post","link":"https:\/\/omsvillejuif.fr\/blog\/2025\/02\/les-nouveaux-dirigeants-de-loffice-municipale-des-sports-de-villejuif-etaient-presents-pour-la-7eme-edition-du-gala-de-boxe-villejuif-boxing-show\/","title":{"rendered":"Les nouveaux dirigeants de l&rsquo;Office Municipale des Sports de Villejuif \u00e9taient pr\u00e9sents pour la 7\u00e8me \u00e9dition du gala de boxe \u00ab\u00a0Villejuif Boxing Show\u00a0\u00bb."},"content":{"rendered":"<p data-ogsc=\"black\" data-olk-copy-source=\"MessageBody\">Les nouveaux dirigeants de l&rsquo;Office Municipale des Sports de Villejuif \u00e9taient pr\u00e9sents pour la 7\u00e8me \u00e9dition du gala de boxe \u00ab\u00a0Villejuif Boxing Show\u00a0\u00bb.<\/p>\n<p data-ogsc=\"black\">De gauche \u00e0 droite sur la photo ci-dessous : Florent GUILON Secr\u00e9taire de l&rsquo;OMS et Pr\u00e9sident de l&rsquo;Acad\u00e9mie des Boxes de Villejuif, S\u00e9verine LANOUE, Pr\u00e9sidente de l&rsquo;OMS et Pr\u00e9sidente du club de triathlon de Villejuif, et Laurent DUREPAIS, Vice-Pr\u00e9sident et Tr\u00e9sorier de l&rsquo;OMS ainsi que Pr\u00e9sident <img loading=\"lazy\" decoding=\"async\" class=\"size-medium wp-image-1723 alignleft\" src=\"https:\/\/omsvillejuif.fr\/blog\/wp-content\/uploads\/2025\/02\/018d0006--281x300.jpg\" alt=\"\" width=\"281\" height=\"300\" srcset=\"https:\/\/omsvillejuif.fr\/blog\/wp-content\/uploads\/2025\/02\/018d0006--281x300.jpg 281w, https:\/\/omsvillejuif.fr\/blog\/wp-content\/uploads\/2025\/02\/018d0006--624x666.jpg 624w, https:\/\/omsvillejuif.fr\/blog\/wp-content\/uploads\/2025\/02\/018d0006-.jpg 768w\" sizes=\"auto, (max-width: 281px) 100vw, 281px\" \/>de l&rsquo;US Villejuif Tennis de Table.<\/p>\n<p data-ogsc=\"black\">12\u00a0combats dont un f\u00e9minin professionnel furent au programme dans une ambiance incroyable avec D.J, chanteuse, boxers de qualit\u00e9 et supporters engag\u00e9s parmi lesquels, de nombreux villejuifois et quelques personnalit\u00e9s dont Fabrice BENICHOU et Fabrice TIOZZO.<\/p>\n<p data-ogsc=\"black\">Diffus\u00e9 en direct sur\u00a0<a title=\"Prot\u00e9g\u00e9 par Outlook\u00a0: https:\/\/sportenfrance.com\/. Cliquez ou appuyez pour suivre le lien.\" href=\"https:\/\/emea01.safelinks.protection.outlook.com\/?url=https%3A%2F%2Fsportenfrance.com%2F&amp;data=05%7C02%7C%7Cbaa01e6963164e82e37508dd4a886188%7C84df9e7fe9f640afb435aaaaaaaaaaaa%7C1%7C0%7C638748671788480016%7CUnknown%7CTWFpbGZsb3d8eyJFbXB0eU1hcGkiOnRydWUsIlYiOiIwLjAuMDAwMCIsIlAiOiJXaW4zMiIsIkFOIjoiTWFpbCIsIldUIjoyfQ%3D%3D%7C0%7C%7C%7C&amp;sdata=%2F%2FO8fdzHle66dq83V8BINUAEyC4RTms6yYzT9PevpQs%3D&amp;reserved=0\" data-auth=\"Verified\" data-linkindex=\"0\" data-ogsc=\"\">sportenfranceTV<\/a><a title=\"Prot\u00e9g\u00e9 par Outlook\u00a0: https:\/\/sportenfrance.com\/. Cliquez ou appuyez pour suivre le lien.\" href=\"https:\/\/emea01.safelinks.protection.outlook.com\/?url=https%3A%2F%2Fsportenfrance.com%2F&amp;data=05%7C02%7C%7Cbaa01e6963164e82e37508dd4a886188%7C84df9e7fe9f640afb435aaaaaaaaaaaa%7C1%7C0%7C638748671788502609%7CUnknown%7CTWFpbGZsb3d8eyJFbXB0eU1hcGkiOnRydWUsIlYiOiIwLjAuMDAwMCIsIlAiOiJXaW4zMiIsIkFOIjoiTWFpbCIsIldUIjoyfQ%3D%3D%7C0%7C%7C%7C&amp;sdata=QbgT%2BVJzc7nqkhMMN2aC9wM6uRND3YOoC34ONT3v3t8%3D&amp;reserved=0\" data-auth=\"Verified\" data-linkindex=\"1\" data-ogsc=\"\">\u00a0<\/a>et dont le replay est disponible\u00a0<a title=\"Prot\u00e9g\u00e9 par Outlook\u00a0: https:\/\/sportenfrance.com\/videos\/x9ds2k0. Cliquez ou appuyez pour suivre le lien.\" href=\"https:\/\/emea01.safelinks.protection.outlook.com\/?url=https%3A%2F%2Fsportenfrance.com%2Fvideos%2Fx9ds2k0&amp;data=05%7C02%7C%7Cbaa01e6963164e82e37508dd4a886188%7C84df9e7fe9f640afb435aaaaaaaaaaaa%7C1%7C0%7C638748671788515184%7CUnknown%7CTWFpbGZsb3d8eyJFbXB0eU1hcGkiOnRydWUsIlYiOiIwLjAuMDAwMCIsIlAiOiJXaW4zMiIsIkFOIjoiTWFpbCIsIldUIjoyfQ%3D%3D%7C0%7C%7C%7C&amp;sdata=3pPc0G4FR%2FC8pRYl2M65PkNoWyJTbBFZEMP7WVH7rB8%3D&amp;reserved=0\" data-auth=\"Verified\" data-linkindex=\"2\" data-ogsc=\"\">ICI<\/a>, l&rsquo;Acad\u00e9mie des boxes de Villejuif a parfaitement r\u00e9ussi \u00e0 faire rayonner l&rsquo;excellence de leur sport au-del\u00e0 de notre commune !<\/p>\n<p data-ogsc=\"black\">L&rsquo;OMS a soutenu \u00e0 son niveau l&rsquo;\u00e9v\u00e9nement, en achetant des places de billetteries afin de les offrir \u00e0 trois personnes par association pour celles qui le souhaitaient.<\/p>\n<p data-ogsc=\"black\">Encore bravo aux dirigeants, b\u00e9n\u00e9voles et sportifs de l&rsquo;Acad\u00e9mie des boxes !<\/p>\n","protected":false},"excerpt":{"rendered":"<p>Les nouveaux dirigeants de l&rsquo;Office Municipale des Sports de Villejuif \u00e9taient pr\u00e9sents pour la 7\u00e8me \u00e9dition du gala de boxe \u00ab\u00a0Villejuif Boxing Show\u00a0\u00bb. De gauche \u00e0 droite sur la photo ci-dessous : Florent GUILON Secr\u00e9taire de l&rsquo;OMS et Pr\u00e9sident de l&rsquo;Acad\u00e9mie des Boxes de Villejuif, S\u00e9verine LANOUE, Pr\u00e9sidente de l&rsquo;OMS et Pr\u00e9sidente du club de [&hellip;]<\/p>\n","protected":false},"author":14,"featured_media":1723,"comment_status":"open","ping_status":"closed","sticky":false,"template":"","format":"standard","meta":{"footnotes":""},"categories":[1],"tags":[],"class_list":["post-1722","post","type-post","status-publish","format-standard","has-post-thumbnail","hentry","category-non-classe"],"_links":{"self":[{"href":"https:\/\/omsvillejuif.fr\/blog\/wp-json\/wp\/v2\/posts\/1722","targetHints":{"allow":["GET"]}}],"collection":[{"href":"https:\/\/omsvillejuif.fr\/blog\/wp-json\/wp\/v2\/posts"}],"about":[{"href":"https:\/\/omsvillejuif.fr\/blog\/wp-json\/wp\/v2\/types\/post"}],"author":[{"embeddable":true,"href":"https:\/\/omsvillejuif.fr\/blog\/wp-json\/wp\/v2\/users\/14"}],"replies":[{"embeddable":true,"href":"https:\/\/omsvillejuif.fr\/blog\/wp-json\/wp\/v2\/comments?post=1722"}],"version-history":[{"count":2,"href":"https:\/\/omsvillejuif.fr\/blog\/wp-json\/wp\/v2\/posts\/1722\/revisions"}],"predecessor-version":[{"id":1725,"href":"https:\/\/omsvillejuif.fr\/blog\/wp-json\/wp\/v2\/posts\/1722\/revisions\/1725"}],"wp:featuredmedia":[{"embeddable":true,"href":"https:\/\/omsvillejuif.fr\/blog\/wp-json\/wp\/v2\/media\/1723"}],"wp:attachment":[{"href":"https:\/\/omsvillejuif.fr\/blog\/wp-json\/wp\/v2\/media?parent=1722"}],"wp:term":[{"taxonomy":"category","embeddable":true,"href":"https:\/\/omsvillejuif.fr\/blog\/wp-json\/wp\/v2\/categories?post=1722"},{"taxonomy":"post_tag","embeddable":true,"href":"https:\/\/omsvillejuif.fr\/blog\/wp-json\/wp\/v2\/tags?post=1722"}],"curies":[{"name":"wp","href":"https:\/\/api.w.org\/{rel}","templated":true}]}}