{"id":1719,"date":"2025-02-10T16:14:32","date_gmt":"2025-02-10T15:14:32","guid":{"rendered":"https:\/\/omsvillejuif.fr\/blog\/?p=1719"},"modified":"2025-02-10T16:14:32","modified_gmt":"2025-02-10T15:14:32","slug":"loms-de-villejuif-a-un-nouveau-bureau-directeur","status":"publish","type":"post","link":"https:\/\/omsvillejuif.fr\/blog\/2025\/02\/loms-de-villejuif-a-un-nouveau-bureau-directeur\/","title":{"rendered":"L&rsquo;OMS de Villejuif a un nouveau Bureau Directeur !"},"content":{"rendered":"<p>Suite \u00e0 l&rsquo;Assembl\u00e9e G\u00e9n\u00e9rale \u00e9lective du mois de janvier dernier, l&rsquo;OMS s&rsquo;est dot\u00e9 d&rsquo;un nouveau Bureau Directeur qui a \u00e9lu en son sein sa nouvelle pr\u00e9sidente, S\u00e9verine LANOUE, actuelle pr\u00e9sidente de Villejuif Triathlon.<\/p>\n<p>Voici son premier message adress\u00e9 aux clubs sportifs de la ville :<\/p>\n<p><em>Chers clubs adh\u00e9rents \u00e0 l\u2019OMS,<\/em><\/p>\n<p data-ogsc=\"black\"><em>J\u2019ai l\u2019honneur d\u2019\u00eatre la nouvelle pr\u00e9sidente de l\u2019Office Municipal des Sports de Villejuif pour le mandat 2025-2028. Le bureau directeur sera compos\u00e9 de Florent Guilon secr\u00e9taire et Laurent Durepais tr\u00e9sorier et vice-pr\u00e9sident.<\/em><\/p>\n<p data-ogsc=\"black\"><em>Avec les membres du comit\u00e9 directeur \u00e9lus \u00e0 nos c\u00f4t\u00e9s\u00a0: Anne Carayon, Youssef Mountabih, Paul Vincent Quilichini et Sylvie Simon, nous souhaitons ensemble une nouvelle dynamique pour f\u00e9d\u00e9rer les clubs membres de l\u2019OMS. Nous allons tout d\u2019abord \u0153uvrer avec Laurent Perlin notre salari\u00e9, sur le projet sportif de l\u2019OMS pour cette olympiade.<\/em><\/p>\n<p data-ogsc=\"black\"><em>Nous allons \u00e9galement relancer la communication avec le site internet de l\u2019OMS, ainsi que sa page Facebook afin de promouvoir \u00e0 la fois les activit\u00e9s physiques pour tous, et l\u2019excellence sportive villejuifoise. Et ce aussi bien en termes d\u2019organisations que de r\u00e9sultats sportifs.<\/em><\/p>\n<p data-ogsc=\"black\"><em>Enfin, en ce dernier jour de janvier, je souhaite vous pr\u00e9senter pour cette ann\u00e9e 2025, ainsi qu\u2019\u00e0 l\u2019ensemble de vos adh\u00e9rents, mes meilleurs v\u0153ux de bonheur, de sant\u00e9 et de r\u00e9ussite dans tous vos projets.<\/em><\/p>\n<p data-ogsc=\"black\"><em>S\u00e9verine Lanoue<\/em><\/p>\n<p data-ogsc=\"black\"><em>Pr\u00e9sidente de l\u2019Office Municipal des Sports de Villejuif<\/em><img loading=\"lazy\" decoding=\"async\" class=\"size-medium wp-image-1720 alignleft\" src=\"https:\/\/omsvillejuif.fr\/blog\/wp-content\/uploads\/2025\/02\/severine_v2-300x199.jpg\" alt=\"\" width=\"300\" height=\"199\" srcset=\"https:\/\/omsvillejuif.fr\/blog\/wp-content\/uploads\/2025\/02\/severine_v2-300x199.jpg 300w, https:\/\/omsvillejuif.fr\/blog\/wp-content\/uploads\/2025\/02\/severine_v2-768x509.jpg 768w, https:\/\/omsvillejuif.fr\/blog\/wp-content\/uploads\/2025\/02\/severine_v2-624x414.jpg 624w, https:\/\/omsvillejuif.fr\/blog\/wp-content\/uploads\/2025\/02\/severine_v2.jpg 1024w\" sizes=\"auto, (max-width: 300px) 100vw, 300px\" \/><\/p>\n","protected":false},"excerpt":{"rendered":"<p>Suite \u00e0 l&rsquo;Assembl\u00e9e G\u00e9n\u00e9rale \u00e9lective du mois de janvier dernier, l&rsquo;OMS s&rsquo;est dot\u00e9 d&rsquo;un nouveau Bureau Directeur qui a \u00e9lu en son sein sa nouvelle pr\u00e9sidente, S\u00e9verine LANOUE, actuelle pr\u00e9sidente de Villejuif Triathlon. Voici son premier message adress\u00e9 aux clubs sportifs de la ville : Chers clubs adh\u00e9rents \u00e0 l\u2019OMS, J\u2019ai l\u2019honneur d\u2019\u00eatre la nouvelle [&hellip;]<\/p>\n","protected":false},"author":14,"featured_media":0,"comment_status":"open","ping_status":"closed","sticky":false,"template":"","format":"standard","meta":{"footnotes":""},"categories":[1],"tags":[],"class_list":["post-1719","post","type-post","status-publish","format-standard","hentry","category-non-classe"],"_links":{"self":[{"href":"https:\/\/omsvillejuif.fr\/blog\/wp-json\/wp\/v2\/posts\/1719","targetHints":{"allow":["GET"]}}],"collection":[{"href":"https:\/\/omsvillejuif.fr\/blog\/wp-json\/wp\/v2\/posts"}],"about":[{"href":"https:\/\/omsvillejuif.fr\/blog\/wp-json\/wp\/v2\/types\/post"}],"author":[{"embeddable":true,"href":"https:\/\/omsvillejuif.fr\/blog\/wp-json\/wp\/v2\/users\/14"}],"replies":[{"embeddable":true,"href":"https:\/\/omsvillejuif.fr\/blog\/wp-json\/wp\/v2\/comments?post=1719"}],"version-history":[{"count":1,"href":"https:\/\/omsvillejuif.fr\/blog\/wp-json\/wp\/v2\/posts\/1719\/revisions"}],"predecessor-version":[{"id":1721,"href":"https:\/\/omsvillejuif.fr\/blog\/wp-json\/wp\/v2\/posts\/1719\/revisions\/1721"}],"wp:attachment":[{"href":"https:\/\/omsvillejuif.fr\/blog\/wp-json\/wp\/v2\/media?parent=1719"}],"wp:term":[{"taxonomy":"category","embeddable":true,"href":"https:\/\/omsvillejuif.fr\/blog\/wp-json\/wp\/v2\/categories?post=1719"},{"taxonomy":"post_tag","embeddable":true,"href":"https:\/\/omsvillejuif.fr\/blog\/wp-json\/wp\/v2\/tags?post=1719"}],"curies":[{"name":"wp","href":"https:\/\/api.w.org\/{rel}","templated":true}]}}