{"id":1412,"date":"2020-09-21T15:46:45","date_gmt":"2020-09-21T13:46:45","guid":{"rendered":"https:\/\/omsvillejuif.fr\/blog\/?p=1412"},"modified":"2020-09-21T15:46:45","modified_gmt":"2020-09-21T13:46:45","slug":"le-badminton-sengage-nettoyage-citoyen-du-parc-des-hautes-bruyeres","status":"publish","type":"post","link":"https:\/\/omsvillejuif.fr\/blog\/2020\/09\/le-badminton-sengage-nettoyage-citoyen-du-parc-des-hautes-bruyeres\/","title":{"rendered":"Le Badminton s&rsquo;engage : nettoyage citoyen du Parc des Hautes Bruy\u00e8res."},"content":{"rendered":"<p><img loading=\"lazy\" decoding=\"async\" class=\"size-medium wp-image-1413 alignleft\" src=\"https:\/\/omsvillejuif.fr\/blog\/wp-content\/uploads\/2020\/09\/Sans-titre-214x300.png\" alt=\"\" width=\"214\" height=\"300\" srcset=\"https:\/\/omsvillejuif.fr\/blog\/wp-content\/uploads\/2020\/09\/Sans-titre-214x300.png 214w, https:\/\/omsvillejuif.fr\/blog\/wp-content\/uploads\/2020\/09\/Sans-titre.png 545w\" sizes=\"auto, (max-width: 214px) 100vw, 214px\" \/><\/p>\n<ul style=\"list-style-type: square;\">\n<li><span style=\"font-size: 1rem;\">Le club de badminton de Villejuif organise une session de nettoyage citoyen du parc des <strong>Hautes Bruy\u00e8res<\/strong>, avec l&rsquo;accord du conseil d\u00e9partemental, ce samedi 26 septembre de 16h00 \u00e0 18h00. C&rsquo;est ouvert \u00e0 <strong>tout le monde.\u00a0<\/strong><\/span><\/li>\n<li>Le point de rendez-vous est \u00e0 <strong>16h00<\/strong> \u00e0 l&rsquo;angle de la rue de Verdun et de la rue Edouard Vaillant.<\/li>\n<\/ul>\n<p>&nbsp;<\/p>\n<p>L&rsquo;affiche (pdf) : <a href=\"https:\/\/omsvillejuif.fr\/blog\/wp-content\/uploads\/2020\/09\/FFBaD_WCUD_affiche.pdf\">ici<\/a><\/p>\n","protected":false},"excerpt":{"rendered":"<p>Le club de badminton de Villejuif organise une session de nettoyage citoyen du parc des Hautes Bruy\u00e8res, avec l&rsquo;accord du conseil d\u00e9partemental, ce samedi 26 septembre de 16h00 \u00e0 18h00. C&rsquo;est ouvert \u00e0 tout le monde.\u00a0 Le point de rendez-vous est \u00e0 16h00 \u00e0 l&rsquo;angle de la rue de Verdun et de la rue Edouard [&hellip;]<\/p>\n","protected":false},"author":14,"featured_media":0,"comment_status":"open","ping_status":"closed","sticky":false,"template":"","format":"standard","meta":{"footnotes":""},"categories":[1],"tags":[],"class_list":["post-1412","post","type-post","status-publish","format-standard","hentry","category-non-classe"],"_links":{"self":[{"href":"https:\/\/omsvillejuif.fr\/blog\/wp-json\/wp\/v2\/posts\/1412","targetHints":{"allow":["GET"]}}],"collection":[{"href":"https:\/\/omsvillejuif.fr\/blog\/wp-json\/wp\/v2\/posts"}],"about":[{"href":"https:\/\/omsvillejuif.fr\/blog\/wp-json\/wp\/v2\/types\/post"}],"author":[{"embeddable":true,"href":"https:\/\/omsvillejuif.fr\/blog\/wp-json\/wp\/v2\/users\/14"}],"replies":[{"embeddable":true,"href":"https:\/\/omsvillejuif.fr\/blog\/wp-json\/wp\/v2\/comments?post=1412"}],"version-history":[{"count":2,"href":"https:\/\/omsvillejuif.fr\/blog\/wp-json\/wp\/v2\/posts\/1412\/revisions"}],"predecessor-version":[{"id":1415,"href":"https:\/\/omsvillejuif.fr\/blog\/wp-json\/wp\/v2\/posts\/1412\/revisions\/1415"}],"wp:attachment":[{"href":"https:\/\/omsvillejuif.fr\/blog\/wp-json\/wp\/v2\/media?parent=1412"}],"wp:term":[{"taxonomy":"category","embeddable":true,"href":"https:\/\/omsvillejuif.fr\/blog\/wp-json\/wp\/v2\/categories?post=1412"},{"taxonomy":"post_tag","embeddable":true,"href":"https:\/\/omsvillejuif.fr\/blog\/wp-json\/wp\/v2\/tags?post=1412"}],"curies":[{"name":"wp","href":"https:\/\/api.w.org\/{rel}","templated":true}]}}