{"id":1390,"date":"2020-08-17T12:19:43","date_gmt":"2020-08-17T10:19:43","guid":{"rendered":"https:\/\/omsvillejuif.fr\/blog\/?p=1390"},"modified":"2020-08-17T12:19:43","modified_gmt":"2020-08-17T10:19:43","slug":"fonds-daide-communal-a-la-pratique-sportive-facps","status":"publish","type":"post","link":"https:\/\/omsvillejuif.fr\/blog\/2020\/08\/fonds-daide-communal-a-la-pratique-sportive-facps\/","title":{"rendered":"Fonds d\u2019Aide Communal \u00e0 la Pratique Sportive (FACPS)"},"content":{"rendered":"<p align=\"CENTER\"><span style=\"color: #000000;\"><span style=\"font-family: Arial, serif;\"><span style=\"font-size: medium;\">Le FACPS est un dispositif visant \u00e0 favoriser l\u2019activit\u00e9 sportive des jeunes Villejuifois par le biais d&rsquo;une aide financi\u00e8re :<\/span><\/span><\/span><\/p>\n<p align=\"JUSTIFY\"><span style=\"font-family: Arial, serif;\"><span style=\"font-size: small;\"><b>Quel est le montant de l\u2019aide\u00a0?<\/b><\/span><\/span><\/p>\n<p align=\"JUSTIFY\"><span style=\"color: #000000;\"><span style=\"font-family: Arial, serif;\"><span style=\"font-size: small;\">Il s\u2019agit d\u2019un remboursement partiel de la cotisation. <\/span><\/span><\/span><span style=\"font-family: Arial, serif;\"><span style=\"font-size: small;\">Le montant de l\u2019aide diff\u00e8re selon que le b\u00e9n\u00e9ficiaire est\u00a0:<\/span><\/span><\/p>\n<ul>\n<li>\n<p align=\"JUSTIFY\"><span style=\"font-family: Arial, serif;\"><span style=\"font-size: small;\">un ou une mineur(<\/span><\/span><span style=\"font-family: Arial, serif;\"><span style=\"font-size: small;\"><i>e<\/i><\/span><\/span><span style=\"font-family: Arial, serif;\"><span style=\"font-size: small;\">). Dans ce cas, le remboursement varie selon le quotient familial et le co\u00fbt de l\u2019activit\u00e9 sportive (<\/span><\/span><span style=\"font-family: Arial, serif;\"><span style=\"font-size: small;\"><i>dont le montant est plafonn\u00e9 \u00e0 130\u00a0\u20ac<\/i><\/span><\/span><span style=\"font-family: Arial, serif;\"><span style=\"font-size: small;\">), d\u00e9duction faite, \u00e9ventuellement, des autres aides financi\u00e8res (<\/span><\/span><span style=\"font-family: Arial, serif;\"><span style=\"font-size: small;\"><i>Forfaits Loisirs Jeunes,&#8230;<\/i><\/span><\/span><span style=\"font-family: Arial, serif;\"><span style=\"font-size: small;\">).\u00a0Le montant de l\u2019aide est ensuite major\u00e9 de 50 % pour les mineures\u00a0;<\/span><\/span><\/p>\n<\/li>\n<li>\n<p align=\"JUSTIFY\"><span style=\"font-family: Arial, serif;\"><span style=\"font-size: small;\">un(<\/span><\/span><span style=\"font-family: Arial, serif;\"><span style=\"font-size: small;\"><i>e<\/i><\/span><\/span><span style=\"font-family: Arial, serif;\"><span style=\"font-size: small;\">) mineur(<\/span><\/span><span style=\"font-family: Arial, serif;\"><span style=\"font-size: small;\"><i>e<\/i><\/span><\/span><span style=\"font-family: Arial, serif;\"><span style=\"font-size: small;\">) \u00e9mancip\u00e9(<\/span><\/span><span style=\"font-family: Arial, serif;\"><span style=\"font-size: small;\"><i>e<\/i><\/span><\/span><span style=\"font-family: Arial, serif;\"><span style=\"font-size: small;\">) ou un(<\/span><\/span><span style=\"font-family: Arial, serif;\"><span style=\"font-size: small;\"><i>e<\/i><\/span><\/span><span style=\"font-family: Arial, serif;\"><span style=\"font-size: small;\">) majeur(<\/span><\/span><span style=\"font-family: Arial, serif;\"><span style=\"font-size: small;\"><i>e<\/i><\/span><\/span><span style=\"font-family: Arial, serif;\"><span style=\"font-size: small;\">) de 22 ans au plus. Dans ce cas, le montant est forfaitaire et s\u2019\u00e9l\u00e8ve \u00e0\u00a0:<\/span><\/span><\/p>\n<ul>\n<li>\n<p align=\"JUSTIFY\"><span style=\"color: #000000;\"><span style=\"font-family: Arial, serif;\"><span style=\"font-size: small;\">40 \u20ac <\/span><\/span><\/span><span style=\"font-family: Arial, serif;\"><span style=\"font-size: small;\">pour un mineur\u00a0\u00e9mancip\u00e9 ou un majeur ;<\/span><\/span><\/p>\n<\/li>\n<li>\n<p align=\"JUSTIFY\"><span style=\"color: #000000;\"><span style=\"font-family: Arial, serif;\"><span style=\"font-size: small;\">60 \u20ac pour une mineure \u00e9mancip\u00e9e ou une majeure.<\/span><\/span><\/span><\/p>\n<\/li>\n<\/ul>\n<\/li>\n<\/ul>\n<p align=\"JUSTIFY\"><span style=\"font-family: Arial, serif;\"><span style=\"font-size: small;\"><b>Qui peut en b\u00e9n\u00e9ficier ? (dossier \u00e0 remplir ici : <a href=\"https:\/\/omsvillejuif.fr\/blog\/wp-content\/uploads\/2020\/08\/200717_Formulaire-valid\u00e9-JMS2551-FACPS.odt\">dossier FACPS )<\/a><\/b><\/span><\/span><\/p>\n<p align=\"JUSTIFY\"><span style=\"font-family: Arial, serif;\"><span style=\"font-size: small;\">Toutes\/Tous les mineur(<\/span><\/span><span style=\"font-family: Arial, serif;\"><span style=\"font-size: small;\"><i>e<\/i><\/span><\/span><span style=\"font-family: Arial, serif;\"><span style=\"font-size: small;\">)s \u00e9mancip\u00e9(<\/span><\/span><span style=\"font-family: Arial, serif;\"><span style=\"font-size: small;\"><i>e<\/i><\/span><\/span><span style=\"font-family: Arial, serif;\"><span style=\"font-size: small;\">)s ou non et les jeunes majeur(<\/span><\/span><span style=\"font-family: Arial, serif;\"><span style=\"font-size: small;\"><i>e<\/i><\/span><\/span><span style=\"font-family: Arial, serif;\"><span style=\"font-size: small;\">)s <\/span><\/span><span style=\"color: #000000;\"><span style=\"font-family: Arial, serif;\"><span style=\"font-size: small;\">jusqu\u2019\u00e0 22 ans maximum qui pratiquent une activit\u00e9 <\/span><\/span><\/span><span style=\"font-family: Arial, serif;\"><span style=\"font-size: small;\">sportive propos\u00e9e par une association affili\u00e9e \u00e0 une f\u00e9d\u00e9ration sportive et proposant des modalit\u00e9s tarifaires et\/ou de gestion de tr\u00e9sorerie favorisant l\u2019acc\u00e8s \u00e0 la pratique sportive.<\/span><\/span><\/p>\n<p align=\"JUSTIFY\"><span style=\"font-family: Arial, serif;\"><span style=\"font-size: small;\">Le\/la demandeur\/se (<\/span><\/span><span style=\"font-family: Arial, serif;\"><span style=\"font-size: small;\"><i>c\u2019est-\u00e0-dire un parent pour les mineur(e)s non \u00e9mancip\u00e9(e)s, ou le\/la jeune majeur(e)<\/i><\/span><\/span><span style=\"font-family: Arial, serif;\"><span style=\"font-size: small;\">) doit :<\/span><\/span><\/p>\n<ul>\n<li>\n<p align=\"JUSTIFY\"><span style=\"font-family: Arial, serif;\"><span style=\"font-size: small;\">justifier\u00a0de sa r\u00e9sidence dans la commune depuis au moins un an \u00e0 la date de d\u00e9p\u00f4t de la demande\u00a0;<\/span><\/span><\/p>\n<\/li>\n<li>\n<p align=\"JUSTIFY\"><span style=\"font-family: Arial, serif;\"><span style=\"font-size: small;\">avoir pr\u00e9alablement r\u00e9gl\u00e9 la cotisation \u00e0 l\u2019association sportive<\/span><\/span><b> <\/b><span style=\"font-family: Arial, serif;\"><span style=\"font-size: small;\">;<\/span><\/span><\/p>\n<\/li>\n<li>\n<p align=\"JUSTIFY\"><span style=\"font-family: Arial, serif;\"><span style=\"font-size: small;\">avoir un quotient familial Communal en cours de validit\u00e9 inf\u00e9rieur ou \u00e9gal \u00e0 640,99 si la demande concerne un(<\/span><\/span><span style=\"font-family: Arial, serif;\"><span style=\"font-size: small;\"><i>e<\/i><\/span><\/span><span style=\"font-family: Arial, serif;\"><span style=\"font-size: small;\">) mineur(<\/span><\/span><span style=\"font-family: Arial, serif;\"><span style=\"font-size: small;\"><i>e<\/i><\/span><\/span><span style=\"font-family: Arial, serif;\"><span style=\"font-size: small;\">).<\/span><\/span><\/p>\n<\/li>\n<\/ul>\n<p align=\"JUSTIFY\"><span style=\"font-family: Arial, serif;\"><span style=\"font-size: small;\"><b>Quels justificatifs fournir\u00a0?<\/b><\/span><\/span><\/p>\n<ol>\n<li>\n<p align=\"JUSTIFY\"><span style=\"font-family: Arial, serif;\"><span style=\"font-size: small;\">le formulaire de demande d\u00fbment compl\u00e9t\u00e9\u00a0;<\/span><\/span><\/p>\n<\/li>\n<li>\n<p align=\"JUSTIFY\"><span style=\"font-family: Arial, serif;\"><span style=\"font-size: small;\">la note d\u2019information et d\u00e9claration de l\u2019usager d\u00fbment compl\u00e9t\u00e9e et sign\u00e9e\u00a0;<\/span><\/span><\/p>\n<\/li>\n<li>\n<p align=\"JUSTIFY\"><span style=\"font-family: Arial, serif;\"><span style=\"font-size: small;\">la fiche d\u2019adh\u00e9sion 2020\/2021 portant le tampon du club sportif\u00a0;<\/span><\/span><\/p>\n<\/li>\n<li>\n<p align=\"JUSTIFY\"><span style=\"font-family: Arial, serif;\"><span style=\"font-size: small;\">le justificatif d\u2019ant\u00e9riorit\u00e9 de r\u00e9sidence sur la commune d\u2019au moins un an\u00a0;<\/span><\/span><\/p>\n<\/li>\n<li>\n<p align=\"JUSTIFY\"><span style=\"font-family: Arial, serif;\"><span style=\"font-size: small;\">le dernier avis d\u2019imposition ou de non-imposition sur le revenu (<\/span><\/span><span style=\"font-family: Arial, serif;\"><span style=\"font-size: small;\"><i>recto-verso<\/i><\/span><\/span><span style=\"font-family: Arial, serif;\"><span style=\"font-size: small;\">). <\/span><\/span><span style=\"font-family: Arial, serif;\"><span style=\"font-size: small;\">\u00e0<\/span><\/span><span style=\"font-family: Arial, serif;\"><span style=\"font-size: small;\"> d\u00e9faut, quittance de loyer, acte de propri\u00e9t\u00e9 immobili\u00e8re, attestation d\u2019\u00e9lection de domicile ou certificat d\u2019h\u00e9bergement accompagn\u00e9 de la quittance de loyer ou de la taxe fonci\u00e8re de l\u2019h\u00e9bergeant\u00a0;<\/span><\/span><\/p>\n<\/li>\n<li>\n<p align=\"JUSTIFY\"><span style=\"font-family: Arial, serif;\"><span style=\"font-size: small;\">la notification du montant du quotient familial Communal pour l\u2019ann\u00e9e scolaire en cours pour les mineurs non \u00e9mancip\u00e9s\u00a0;<\/span><\/span><\/p>\n<\/li>\n<li>\n<p align=\"JUSTIFY\"><span style=\"font-family: Arial, serif;\"><span style=\"font-size: small;\">le(<\/span><\/span><span style=\"font-family: Arial, serif;\"><span style=\"font-size: small;\"><i>s<\/i><\/span><\/span><span style=\"font-family: Arial, serif;\"><span style=\"font-size: small;\">) Forfait(<\/span><\/span><span style=\"font-family: Arial, serif;\"><span style=\"font-size: small;\"><i>s<\/i><\/span><\/span><span style=\"font-family: Arial, serif;\"><span style=\"font-size: small;\">) Loisirs Jeunes de la Caisse d\u2019Allocations Familiales (<\/span><\/span><span style=\"font-family: Arial, serif;\"><span style=\"font-size: small;\"><i>CAF<\/i><\/span><\/span><span style=\"font-family: Arial, serif;\"><span style=\"font-size: small;\">), compl\u00e9t\u00e9(<\/span><\/span><span style=\"font-family: Arial, serif;\"><span style=\"font-size: small;\"><i>s<\/i><\/span><\/span><span style=\"font-family: Arial, serif;\"><span style=\"font-size: small;\">) par le club\u00a0;<\/span><\/span><\/p>\n<\/li>\n<li>\n<p align=\"JUSTIFY\"><span style=\"font-family: Arial, serif;\"><span style=\"font-size: small;\">un Relev\u00e9 d\u2019Identit\u00e9 Bancaire (<\/span><\/span><span style=\"font-family: Arial, serif;\"><span style=\"font-size: small;\"><i>RIB<\/i><\/span><\/span><span style=\"font-family: Arial, serif;\"><span style=\"font-size: small;\">)<\/span><\/span><\/p>\n<\/li>\n<\/ol>\n","protected":false},"excerpt":{"rendered":"<p>Le FACPS est un dispositif visant \u00e0 favoriser l\u2019activit\u00e9 sportive des jeunes Villejuifois par le biais d&rsquo;une aide financi\u00e8re : Quel est le montant de l\u2019aide\u00a0? Il s\u2019agit d\u2019un remboursement partiel de la cotisation. Le montant de l\u2019aide diff\u00e8re selon que le b\u00e9n\u00e9ficiaire est\u00a0: un ou une mineur(e). Dans ce cas, le remboursement varie selon [&hellip;]<\/p>\n","protected":false},"author":14,"featured_media":0,"comment_status":"open","ping_status":"closed","sticky":false,"template":"","format":"standard","meta":{"footnotes":""},"categories":[1],"tags":[],"class_list":["post-1390","post","type-post","status-publish","format-standard","hentry","category-non-classe"],"_links":{"self":[{"href":"https:\/\/omsvillejuif.fr\/blog\/wp-json\/wp\/v2\/posts\/1390","targetHints":{"allow":["GET"]}}],"collection":[{"href":"https:\/\/omsvillejuif.fr\/blog\/wp-json\/wp\/v2\/posts"}],"about":[{"href":"https:\/\/omsvillejuif.fr\/blog\/wp-json\/wp\/v2\/types\/post"}],"author":[{"embeddable":true,"href":"https:\/\/omsvillejuif.fr\/blog\/wp-json\/wp\/v2\/users\/14"}],"replies":[{"embeddable":true,"href":"https:\/\/omsvillejuif.fr\/blog\/wp-json\/wp\/v2\/comments?post=1390"}],"version-history":[{"count":2,"href":"https:\/\/omsvillejuif.fr\/blog\/wp-json\/wp\/v2\/posts\/1390\/revisions"}],"predecessor-version":[{"id":1394,"href":"https:\/\/omsvillejuif.fr\/blog\/wp-json\/wp\/v2\/posts\/1390\/revisions\/1394"}],"wp:attachment":[{"href":"https:\/\/omsvillejuif.fr\/blog\/wp-json\/wp\/v2\/media?parent=1390"}],"wp:term":[{"taxonomy":"category","embeddable":true,"href":"https:\/\/omsvillejuif.fr\/blog\/wp-json\/wp\/v2\/categories?post=1390"},{"taxonomy":"post_tag","embeddable":true,"href":"https:\/\/omsvillejuif.fr\/blog\/wp-json\/wp\/v2\/tags?post=1390"}],"curies":[{"name":"wp","href":"https:\/\/api.w.org\/{rel}","templated":true}]}}