{"id":1385,"date":"2020-07-09T16:40:16","date_gmt":"2020-07-09T14:40:16","guid":{"rendered":"https:\/\/omsvillejuif.fr\/blog\/?p=1385"},"modified":"2020-07-09T16:41:00","modified_gmt":"2020-07-09T14:41:00","slug":"1385","status":"publish","type":"post","link":"https:\/\/omsvillejuif.fr\/blog\/2020\/07\/1385\/","title":{"rendered":"VILLEJUIF&rsquo;ETE"},"content":{"rendered":"<p><img loading=\"lazy\" decoding=\"async\" class=\"alignnone wp-image-1383\" src=\"https:\/\/omsvillejuif.fr\/blog\/wp-content\/uploads\/2020\/07\/2017-05-23-17-40-35-900x600-1-300x200.jpg\" alt=\"\" width=\"299\" height=\"199\" srcset=\"https:\/\/omsvillejuif.fr\/blog\/wp-content\/uploads\/2020\/07\/2017-05-23-17-40-35-900x600-1-300x200.jpg 300w, https:\/\/omsvillejuif.fr\/blog\/wp-content\/uploads\/2020\/07\/2017-05-23-17-40-35-900x600-1-768x512.jpg 768w, https:\/\/omsvillejuif.fr\/blog\/wp-content\/uploads\/2020\/07\/2017-05-23-17-40-35-900x600-1-624x416.jpg 624w, https:\/\/omsvillejuif.fr\/blog\/wp-content\/uploads\/2020\/07\/2017-05-23-17-40-35-900x600-1.jpg 900w\" sizes=\"auto, (max-width: 299px) 100vw, 299px\" \/> <img loading=\"lazy\" decoding=\"async\" class=\"alignnone size-medium wp-image-1384\" src=\"https:\/\/omsvillejuif.fr\/blog\/wp-content\/uploads\/2020\/07\/Lentille-de-camera-300x200.jpg\" alt=\"\" width=\"300\" height=\"200\" srcset=\"https:\/\/omsvillejuif.fr\/blog\/wp-content\/uploads\/2020\/07\/Lentille-de-camera-300x200.jpg 300w, https:\/\/omsvillejuif.fr\/blog\/wp-content\/uploads\/2020\/07\/Lentille-de-camera-1024x684.jpg 1024w, https:\/\/omsvillejuif.fr\/blog\/wp-content\/uploads\/2020\/07\/Lentille-de-camera-768x513.jpg 768w, https:\/\/omsvillejuif.fr\/blog\/wp-content\/uploads\/2020\/07\/Lentille-de-camera-1536x1025.jpg 1536w, https:\/\/omsvillejuif.fr\/blog\/wp-content\/uploads\/2020\/07\/Lentille-de-camera-2048x1367.jpg 2048w, https:\/\/omsvillejuif.fr\/blog\/wp-content\/uploads\/2020\/07\/Lentille-de-camera-624x417.jpg 624w\" sizes=\"auto, (max-width: 300px) 100vw, 300px\" \/><\/p>\n<p>On sort un peu du cadre sportif, mais l&rsquo;OMS se veut aussi ouvert \u00e0 tous les dispositifs en faveur des villejuifois.<\/p>\n<p>C&rsquo;est pour cela que nous vous parlons de <span style=\"font-size: 20px;\"><strong>VILLEJUIF&rsquo;\u00c9T\u00c9<\/strong><\/span><\/p>\n<p style=\"text-align: center;\">En effet, la ville propose des stages de cr\u00e9ation <span style=\"text-decoration: underline;\">gratuits<\/span> destin\u00e9s aux jeunes de <span style=\"text-decoration: underline;\">9 \u00e0 15 ans<\/span><\/p>\n<p style=\"text-align: center;\">\u00a0Avec ou sans connaissances musicales<\/p>\n<p style=\"text-align: center;\"><strong>Musique &#8211; Son &#8211; Vid\u00e9o&#8230;<\/strong><\/p>\n<p style=\"text-align: center;\"><strong>Du 20 au 24 juillet ou du 27 au 31 juillet<\/strong><\/p>\n<p style=\"text-align: center;\">Lieu des ateliers : Conservatoire de musique 159, avenue de Paris 94800 Villejuif<\/p>\n<p style=\"text-align: center;\">Renseignements et inscriptions:\u00a0<a href=\"mailto:conservatoire.musique.villejuif@grandorlyseinebievre.fr\">conservatoire.musique.villejuif@grandorlyseinebievre.fr<\/a><\/p>\n<p style=\"text-align: center;\">\n","protected":false},"excerpt":{"rendered":"<p>On sort un peu du cadre sportif, mais l&rsquo;OMS se veut aussi ouvert \u00e0 tous les dispositifs en faveur des villejuifois. C&rsquo;est pour cela que nous vous parlons de VILLEJUIF&rsquo;\u00c9T\u00c9 En effet, la ville propose des stages de cr\u00e9ation gratuits destin\u00e9s aux jeunes de 9 \u00e0 15 ans \u00a0Avec ou sans connaissances musicales Musique &#8211; [&hellip;]<\/p>\n","protected":false},"author":14,"featured_media":0,"comment_status":"open","ping_status":"closed","sticky":false,"template":"","format":"standard","meta":{"footnotes":""},"categories":[1],"tags":[],"class_list":["post-1385","post","type-post","status-publish","format-standard","hentry","category-non-classe"],"_links":{"self":[{"href":"https:\/\/omsvillejuif.fr\/blog\/wp-json\/wp\/v2\/posts\/1385","targetHints":{"allow":["GET"]}}],"collection":[{"href":"https:\/\/omsvillejuif.fr\/blog\/wp-json\/wp\/v2\/posts"}],"about":[{"href":"https:\/\/omsvillejuif.fr\/blog\/wp-json\/wp\/v2\/types\/post"}],"author":[{"embeddable":true,"href":"https:\/\/omsvillejuif.fr\/blog\/wp-json\/wp\/v2\/users\/14"}],"replies":[{"embeddable":true,"href":"https:\/\/omsvillejuif.fr\/blog\/wp-json\/wp\/v2\/comments?post=1385"}],"version-history":[{"count":2,"href":"https:\/\/omsvillejuif.fr\/blog\/wp-json\/wp\/v2\/posts\/1385\/revisions"}],"predecessor-version":[{"id":1387,"href":"https:\/\/omsvillejuif.fr\/blog\/wp-json\/wp\/v2\/posts\/1385\/revisions\/1387"}],"wp:attachment":[{"href":"https:\/\/omsvillejuif.fr\/blog\/wp-json\/wp\/v2\/media?parent=1385"}],"wp:term":[{"taxonomy":"category","embeddable":true,"href":"https:\/\/omsvillejuif.fr\/blog\/wp-json\/wp\/v2\/categories?post=1385"},{"taxonomy":"post_tag","embeddable":true,"href":"https:\/\/omsvillejuif.fr\/blog\/wp-json\/wp\/v2\/tags?post=1385"}],"curies":[{"name":"wp","href":"https:\/\/api.w.org\/{rel}","templated":true}]}}