{"id":1275,"date":"2019-12-20T10:35:38","date_gmt":"2019-12-20T09:35:38","guid":{"rendered":"https:\/\/omsvillejuif.fr\/blog\/?p=1275"},"modified":"2019-12-20T10:35:38","modified_gmt":"2019-12-20T09:35:38","slug":"message-du-rcvb-hebdos-et-fetes","status":"publish","type":"post","link":"https:\/\/omsvillejuif.fr\/blog\/2019\/12\/message-du-rcvb-hebdos-et-fetes\/","title":{"rendered":"Message du RCVB : hebdos et f\u00eates !"},"content":{"rendered":"<p>Tr\u00e8s chers partenaires institutionnels et priv\u00e9s<\/p>\n<p>Je vous prie de bien vouloir trouver en Pi\u00e8ces jointes nos 8 derniers hebdos envoy\u00e9s chaque semaine \u00e0 nos licenci\u00e9s\u00a0et adh\u00e9rents;<\/p>\n<p>Pour \u00e9viter de vous surcharger d\u2019envois, je vous propose cette saison de faire un envoi group\u00e9 \u00e0 la fin de chaque partie.<\/p>\n<p>Vous trouverez ci-apr\u00e8s un lien pour t\u00e9l\u00e9charger l\u2019int\u00e9gralit\u00e9 de nos hebdos.<\/p>\n<p><a href=\"https:\/\/eur04.safelinks.protection.outlook.com\/?url=https%3A%2F%2Fwetransfer.com%2Fdownloads%2F53ade10892319b459f54732c5a181d3020191220092003%2F5293ef9717f152dd2017bebe7f92251b20191220092003%2F16af80&amp;data=02%7C01%7C%7Cb6478a84f1d446eebcc008d7852ecc53%7C84df9e7fe9f640afb435aaaaaaaaaaaa%7C1%7C0%7C637124308342611073&amp;sdata=ig2Mox%2Fcxnv9edxNnGmdEYo%2BYjr6Z49icod%2BEfj1jiA%3D&amp;reserved=0\">https:\/\/wetransfer.com\/downloads\/53ade10892319b459f54732c5a181d3020191220092003\/5293ef9717f152dd2017bebe7f92251b20191220092003\/16af80 <\/a><\/p>\n<p>Tr\u00e8s bonne lecture et f\u00eates de fin d\u2019ann\u00e9e.<\/p>\n<p><strong>Le RCVB vous souhaite d\u2019excellentes f\u00eates de fin d\u2019ann\u00e9e, et a h\u00e2te de vous retrouver en 2020. Tout plein de bonnes choses pour vous et vos proches. Bonnes vacances, profitez-en pour vous r\u00e9g\u00e9n\u00e9rer en famille.<\/strong><\/p>\n<p>Je me tiens \u00e0 votre disposition si besoin est.<\/p>\n<p><strong><em>RCVB: \u00ab\u00a0Notre rugby\u00a0 se conjugue \u00e0 la premi\u00e8re personne du pluriel!!!\u00a0\u00bb<\/em><\/strong><br \/>\nEdouard Normand (DOuDOu)<br \/>\n<em>Manager du RCVB\u00a0<\/em><\/p>\n<p>portable:\u00a006\/82\/82\/70\/31<\/p>\n<p>FB: RCVB Bleu Noir<\/p>\n<p><a href=\"https:\/\/eur04.safelinks.protection.outlook.com\/?url=http%3A%2F%2Fwww.rcvb-xv.fr%2F&amp;data=02%7C01%7C%7Cb6478a84f1d446eebcc008d7852ecc53%7C84df9e7fe9f640afb435aaaaaaaaaaaa%7C1%7C0%7C637124308342621081&amp;sdata=Md8t74Fs5WAMlWHGpO8kq7VGvfo1DFE7UpwbXRrtVNM%3D&amp;reserved=0\">www.rcvb-xv.fr<\/a><\/p>\n<p>&nbsp;<\/p>\n","protected":false},"excerpt":{"rendered":"<p>Tr\u00e8s chers partenaires institutionnels et priv\u00e9s Je vous prie de bien vouloir trouver en Pi\u00e8ces jointes nos 8 derniers hebdos envoy\u00e9s chaque semaine \u00e0 nos licenci\u00e9s\u00a0et adh\u00e9rents; Pour \u00e9viter de vous surcharger d\u2019envois, je vous propose cette saison de faire un envoi group\u00e9 \u00e0 la fin de chaque partie. Vous trouverez ci-apr\u00e8s un lien pour [&hellip;]<\/p>\n","protected":false},"author":14,"featured_media":0,"comment_status":"open","ping_status":"closed","sticky":false,"template":"","format":"standard","meta":{"footnotes":""},"categories":[1],"tags":[],"class_list":["post-1275","post","type-post","status-publish","format-standard","hentry","category-non-classe"],"_links":{"self":[{"href":"https:\/\/omsvillejuif.fr\/blog\/wp-json\/wp\/v2\/posts\/1275","targetHints":{"allow":["GET"]}}],"collection":[{"href":"https:\/\/omsvillejuif.fr\/blog\/wp-json\/wp\/v2\/posts"}],"about":[{"href":"https:\/\/omsvillejuif.fr\/blog\/wp-json\/wp\/v2\/types\/post"}],"author":[{"embeddable":true,"href":"https:\/\/omsvillejuif.fr\/blog\/wp-json\/wp\/v2\/users\/14"}],"replies":[{"embeddable":true,"href":"https:\/\/omsvillejuif.fr\/blog\/wp-json\/wp\/v2\/comments?post=1275"}],"version-history":[{"count":2,"href":"https:\/\/omsvillejuif.fr\/blog\/wp-json\/wp\/v2\/posts\/1275\/revisions"}],"predecessor-version":[{"id":1281,"href":"https:\/\/omsvillejuif.fr\/blog\/wp-json\/wp\/v2\/posts\/1275\/revisions\/1281"}],"wp:attachment":[{"href":"https:\/\/omsvillejuif.fr\/blog\/wp-json\/wp\/v2\/media?parent=1275"}],"wp:term":[{"taxonomy":"category","embeddable":true,"href":"https:\/\/omsvillejuif.fr\/blog\/wp-json\/wp\/v2\/categories?post=1275"},{"taxonomy":"post_tag","embeddable":true,"href":"https:\/\/omsvillejuif.fr\/blog\/wp-json\/wp\/v2\/tags?post=1275"}],"curies":[{"name":"wp","href":"https:\/\/api.w.org\/{rel}","templated":true}]}}