{"id":1273,"date":"2019-12-20T09:57:17","date_gmt":"2019-12-20T08:57:17","guid":{"rendered":"https:\/\/omsvillejuif.fr\/blog\/?p=1273"},"modified":"2019-12-20T09:57:17","modified_gmt":"2019-12-20T08:57:17","slug":"newsletter-du-judo-de-decembre-2019","status":"publish","type":"post","link":"https:\/\/omsvillejuif.fr\/blog\/2019\/12\/newsletter-du-judo-de-decembre-2019\/","title":{"rendered":"Newsletter du JUDO de d\u00e9cembre 2019"},"content":{"rendered":"<p>Suivez le lien ! \ud83d\ude09<br \/>\n<a href=\"https:\/\/www.usvillejuifjudo.fr\/newsletters\/2019\/191220_085106.html\">usvillejuifjudo.fr : newsletters<\/a><\/p>\n<table id=\"qlub_nltable\" border=\"0\" cellspacing=\"0\" cellpadding=\"0\">\n<tbody>\n<tr>\n<td align=\"center\">\n<table align=\"center\">\n<tbody>\n<tr>\n<td id=\"qlub_nledito_template\">Les f\u00eates approchent et les \u00e9l\u00e8ves de Roland Patrice ont eu la surprise de voir arriver le P\u00e8re No\u00ebl en personne lors de leur dernier cours, le mercredi 18 d\u00e9cembre. Avec un scoop : le P\u00e8re No\u00ebl fait du judo. Vous pourrez retrouver les photos de ce moment sur la page d&rsquo;accueil de notre site www.usvillejuifjudo.fr.<br \/>\nCette newsletter contient par ailleurs les actualit\u00e9s du club. Retour sur les tatamis d\u00e8s le dimanche 5 janvier pour les \u00e9l\u00e8ves adultes de R\u00e9gis, et le lundi 6 pour tous les autres!<br \/>\nNous vous souhaitons d&rsquo;excellentes f\u00eates de fin d&rsquo;ann\u00e9e !<\/td>\n<\/tr>\n<\/tbody>\n<\/table>\n<\/td>\n<\/tr>\n<tr class=\"qlub_nl_summary\">\n<td>Au sommaire :<\/td>\n<\/tr>\n<tr class=\"qlub_nl_summary\">\n<td id=\"qlub_nlsummary_template\">\n<ul>\n<li><a href=\"https:\/\/www.usvillejuifjudo.fr\/newsletters\/2019\/191220_085106.html#0\">le pere noel fait du judo !<\/a><\/li>\n<li><a href=\"https:\/\/www.usvillejuifjudo.fr\/newsletters\/2019\/191220_085106.html#1\">TOURNOI DES PETITS TIGRES<\/a><\/li>\n<li><a href=\"https:\/\/www.usvillejuifjudo.fr\/newsletters\/2019\/191220_085106.html#2\">FELICITATIONS A NOS MINIMES. !<\/a><\/li>\n<li><a href=\"https:\/\/www.usvillejuifjudo.fr\/newsletters\/2019\/191220_085106.html#3\">LES MINIMES EN EQUIPE<\/a><\/li>\n<li><a href=\"https:\/\/www.usvillejuifjudo.fr\/newsletters\/2019\/191220_085106.html#4\">TOURNOI DE L&rsquo;ESSONNE POUR NOS MINIMES FEMININES<\/a><\/li>\n<li><a href=\"https:\/\/www.usvillejuifjudo.fr\/newsletters\/2019\/191220_085106.html#5\">ELSA EN FINALE<\/a><\/li>\n<\/ul>\n<\/td>\n<\/tr>\n<tr>\n<td id=\"qlub_nlcontent_template\">\n<table border=\"0\">\n<tbody>\n<tr>\n<td><a id=\"0\" name=\"0\"><\/a>\u25fc\u00a0le pere noel fait du judo !<\/td>\n<\/tr>\n<tr>\n<td><img loading=\"lazy\" decoding=\"async\" src=\"https:\/\/www.usvillejuifjudo.fr\/newsletters\/2019\/191220_085106-img\/uploads\/315\/191220_082710.png\" alt=\"le pere noel fait du judo !\" width=\"120\" height=\"80\" align=\"left\" vspace=\"15\" \/><img loading=\"lazy\" decoding=\"async\" src=\"http:\/\/www.quomodo.com\/images\/blank.gif\" width=\"25\" height=\"80\" align=\"left\" vspace=\"15\" \/><br \/>\nC&rsquo;est un scoop : le P\u00e8re No\u00ebl fait du judo ! Il a fait son apparition, mercredi 18 d\u00e9cembre vers 14h30, devant les yeux \u00e9bahis des baby judo.<br \/>\nLe P\u00e8re No\u00ebl leur a fait une r\u00e9v\u00e9lation : lui aussi, enfant, a fait du judo. Le professeur, Roland Patrice, en sait quelque chose puisque le P\u00e8re No\u00ebl lui a fait quelques prises dont il a le secret. Notamment le redoutable Tomoe-Nage &#8211; ou planchette japonaise-. La pratique de ce mouvement, rappelons-le, est interdite jusqu&rsquo;au niveau minimes !<br \/>\nInstall\u00e9 devant sa hotte, le P\u00e8re No\u00ebl a ensuite distribu\u00e9 des friandises \u00e0 tous les enfants pr\u00e9sents, en leur souhaitant d&rsquo;excellentes f\u00eates.<\/td>\n<\/tr>\n<\/tbody>\n<\/table>\n<table border=\"0\">\n<tbody>\n<tr>\n<td><a id=\"1\" name=\"1\"><\/a>\u25fc\u00a0TOURNOI DES PETITS TIGRES<\/td>\n<\/tr>\n<tr>\n<td>Tournoi Petits Tigres Poussins , Champigny, 1er d\u00e9cembre<br \/>\nF\u00e9licitations aux 25 engag\u00e9s qui ont fait honneur \u00e0 l\u2019US Villejuif avec ce beau record de participation. Si certains demeuraient quelque peu craintifs, d\u2019autres ont affich\u00e9 une confiance bienveillante.<br \/>\nCoup de chapeau \u00e0 Sacha, Yasser, Larine et les deux Mehdi (1ers tous les 5 avec un total de 80\/80)<br \/>\nGrand merci aux parents pour leurs soutiens.<br \/>\nAur\u00e9lie, Fran\u00e7oise, Roland vous donnent rendez-vous le 15 mars \u00e0 Villecresnes pour le 2\u00e8metour !<\/td>\n<\/tr>\n<\/tbody>\n<\/table>\n<table border=\"0\">\n<tbody>\n<tr>\n<td><a id=\"2\" name=\"2\"><\/a>\u25fc\u00a0FELICITATIONS A NOS MINIMES. !<\/td>\n<\/tr>\n<tr>\n<td><img loading=\"lazy\" decoding=\"async\" src=\"https:\/\/www.usvillejuifjudo.fr\/newsletters\/2019\/191220_085106-img\/uploads\/314\/191210_084015.jpg\" alt=\"FELICITATIONS A NOS MINIMES. ! \" width=\"120\" height=\"78\" align=\"left\" vspace=\"15\" \/><img loading=\"lazy\" decoding=\"async\" src=\"http:\/\/www.quomodo.com\/images\/blank.gif\" width=\"25\" height=\"78\" align=\"left\" vspace=\"15\" \/><br \/>\nTournoi Minimes, Garches, 1er d\u00e9cembre<br \/>\nBravo \u00e0 nos engag\u00e9es Mylia, Yona, et Sarah qui reviennent toutes les trois m\u00e9daill\u00e9es de bronze au terme de 4 combats chacune, \u00e2prement disput\u00e9s. Yasmine ne parvient pas \u00e0 se qualifier pour le tableau final. Somme toute, et bien au-del\u00e0 des r\u00e9sultats, nos Minimes gagnent en confiance et s\u2019aff\u00fbtent pos\u00e9ment pour l\u2019\u00e9v\u00e8nement du 12 janvier prochain: le championnat du Val de Marne !<\/td>\n<\/tr>\n<\/tbody>\n<\/table>\n<table border=\"0\">\n<tbody>\n<tr>\n<td><a id=\"3\" name=\"3\"><\/a>\u25fc\u00a0LES MINIMES EN EQUIPE<\/td>\n<\/tr>\n<tr>\n<td><img loading=\"lazy\" decoding=\"async\" src=\"https:\/\/www.usvillejuifjudo.fr\/newsletters\/2019\/191220_085106-img\/uploads\/309\/191204_140317.jpg\" alt=\"LES MINIMES EN EQUIPE \" width=\"120\" height=\"96\" align=\"left\" vspace=\"15\" \/><img loading=\"lazy\" decoding=\"async\" src=\"http:\/\/www.quomodo.com\/images\/blank.gif\" width=\"25\" height=\"96\" align=\"left\" vspace=\"15\" \/><br \/>\nVilleneuve le Roi le 17 novembre, Comp\u00e9titions par \u00e9quipes minimes.Apr\u00e8s s\u2019\u00eatre vaillamment d\u00e9fait des judokas de Champigny, notre \u00e9quipe compos\u00e9e de Ioannis, L\u00e9on,Sam, Eliot, Meven, Walid s\u2019incline de peu face \u00e0 Sucy en Brie.<br \/>\nL\u00e9on s\u2019\u00e9tant fait mal, (absent sur la photo), c\u2019est un forfait qui ne permet pas de battre au tour suivant, la solide \u00e9quipe d\u2019Ivry sur Seine.<br \/>\nIl n\u2019a pas manqu\u00e9 grand-chose pour rivaliser face aux grandes \u00e9quipes du d\u00e9partement.<br \/>\nOn retiendra une tr\u00e8s riche exp\u00e9rience de partage lors de cette \u00e9preuve singuli\u00e8re.<br \/>\nBravo pour votre implication.<\/td>\n<\/tr>\n<\/tbody>\n<\/table>\n<table border=\"0\">\n<tbody>\n<tr>\n<td><a id=\"4\" name=\"4\"><\/a>\u25fc\u00a0TOURNOI DE L&rsquo;ESSONNE POUR NOS MINIMES FEMININES<\/td>\n<\/tr>\n<tr>\n<td><img loading=\"lazy\" decoding=\"async\" src=\"https:\/\/www.usvillejuifjudo.fr\/newsletters\/2019\/191220_085106-img\/uploads\/312\/191204_140738.jpg\" alt=\"TOURNOI DE L'ESSONNE POUR NOS MINIMES FEMININES\" width=\"120\" height=\"114\" align=\"left\" vspace=\"15\" \/><img loading=\"lazy\" decoding=\"async\" src=\"http:\/\/www.quomodo.com\/images\/blank.gif\" width=\"25\" height=\"114\" align=\"left\" vspace=\"15\" \/><br \/>\nBr\u00e9tigny sur Orge le 17 novembre, Tournoi de l\u2019Essonne<br \/>\nBravo \u00e0 Mylia pour la d\u00e9termination dont elle a fait montre tout au long de ses cinq combats ce Dimanche. Elle s\u2019incline de peu pour la m\u00e9daille de bronze apr\u00e8s avoir men\u00e9 d\u2019un wazari !<br \/>\nLes s\u00e9ances cardio du samedi, associ\u00e9es aux deux cours hebdomadaires finiront par payer\u2026<br \/>\nQuant \u00e0 Yona , la m\u00e9daill\u00e9e d\u2019or de la coupe minimes 94, s\u2019incline d\u00e8s le premier tour, t\u00e9tanis\u00e9e par l\u2019enjeu. Une solide pr\u00e9paration mentale est pr\u00e9vue pour la prochaine \u00e9preuve.<br \/>\nMerci aux parents pour leur soutien sans faille.<\/td>\n<\/tr>\n<\/tbody>\n<\/table>\n<table border=\"0\">\n<tbody>\n<tr>\n<td><a id=\"5\" name=\"5\"><\/a>\u25fc\u00a0ELSA EN FINALE<\/td>\n<\/tr>\n<tr>\n<td><img loading=\"lazy\" decoding=\"async\" src=\"https:\/\/www.usvillejuifjudo.fr\/newsletters\/2019\/191220_085106-img\/uploads\/313\/191204_141018.jpg\" alt=\"ELSA EN FINALE\" width=\"120\" height=\"91\" align=\"left\" vspace=\"15\" \/><img loading=\"lazy\" decoding=\"async\" src=\"http:\/\/www.quomodo.com\/images\/blank.gif\" width=\"25\" height=\"91\" align=\"left\" vspace=\"15\" \/><br \/>\nBr\u00e9tigny sur Orge le 16 novembre, Tournoi Benjamine de l\u2019Essonne<br \/>\nF\u00e9licitations \u00e0 Elsa qui, pour son tout premier tournoi se hisse en finale apr\u00e8s avoir livr\u00e9 des combats acharn\u00e9s. La saison s\u2019annonce prometteuse\u2026<br \/>\nGageons qu\u2019elle emporte d\u2019autres candidates tout autant d\u00e9termin\u00e9es, dans son sillon.<\/td>\n<\/tr>\n<\/tbody>\n<\/table>\n<\/td>\n<\/tr>\n<\/tbody>\n<\/table>\n","protected":false},"excerpt":{"rendered":"<p>Suivez le lien ! \ud83d\ude09 usvillejuifjudo.fr : newsletters Les f\u00eates approchent et les \u00e9l\u00e8ves de Roland Patrice ont eu la surprise de voir arriver le P\u00e8re No\u00ebl en personne lors de leur dernier cours, le mercredi 18 d\u00e9cembre. Avec un scoop : le P\u00e8re No\u00ebl fait du judo. Vous pourrez retrouver les photos de ce [&hellip;]<\/p>\n","protected":false},"author":14,"featured_media":0,"comment_status":"open","ping_status":"closed","sticky":false,"template":"","format":"standard","meta":{"footnotes":""},"categories":[1],"tags":[],"class_list":["post-1273","post","type-post","status-publish","format-standard","hentry","category-non-classe"],"_links":{"self":[{"href":"https:\/\/omsvillejuif.fr\/blog\/wp-json\/wp\/v2\/posts\/1273","targetHints":{"allow":["GET"]}}],"collection":[{"href":"https:\/\/omsvillejuif.fr\/blog\/wp-json\/wp\/v2\/posts"}],"about":[{"href":"https:\/\/omsvillejuif.fr\/blog\/wp-json\/wp\/v2\/types\/post"}],"author":[{"embeddable":true,"href":"https:\/\/omsvillejuif.fr\/blog\/wp-json\/wp\/v2\/users\/14"}],"replies":[{"embeddable":true,"href":"https:\/\/omsvillejuif.fr\/blog\/wp-json\/wp\/v2\/comments?post=1273"}],"version-history":[{"count":4,"href":"https:\/\/omsvillejuif.fr\/blog\/wp-json\/wp\/v2\/posts\/1273\/revisions"}],"predecessor-version":[{"id":1278,"href":"https:\/\/omsvillejuif.fr\/blog\/wp-json\/wp\/v2\/posts\/1273\/revisions\/1278"}],"wp:attachment":[{"href":"https:\/\/omsvillejuif.fr\/blog\/wp-json\/wp\/v2\/media?parent=1273"}],"wp:term":[{"taxonomy":"category","embeddable":true,"href":"https:\/\/omsvillejuif.fr\/blog\/wp-json\/wp\/v2\/categories?post=1273"},{"taxonomy":"post_tag","embeddable":true,"href":"https:\/\/omsvillejuif.fr\/blog\/wp-json\/wp\/v2\/tags?post=1273"}],"curies":[{"name":"wp","href":"https:\/\/api.w.org\/{rel}","templated":true}]}}