{"id":1229,"date":"2019-06-03T12:23:11","date_gmt":"2019-06-03T10:23:11","guid":{"rendered":"https:\/\/omsvillejuif.fr\/blog\/?p=1229"},"modified":"2019-06-12T16:56:28","modified_gmt":"2019-06-12T14:56:28","slug":"lagenda-de-loms-5","status":"publish","type":"post","link":"https:\/\/omsvillejuif.fr\/blog\/2019\/06\/lagenda-de-loms-5\/","title":{"rendered":"L&rsquo;Agenda de l&rsquo;OMS"},"content":{"rendered":"<p>Voici ci-dessous le calendrier du mois de juin pour les \u00e9lus du bureau de l&rsquo;OMS :<\/p>\n<p>Le mois de juin sera notamment marqu\u00e9 par les f\u00eates de fin de saison de nos associations adh\u00e9rentes ! Des moments festifs et conviviaux !<\/p>\n<p><img loading=\"lazy\" decoding=\"async\" class=\"alignnone wp-image-1234 size-large\" src=\"https:\/\/omsvillejuif.fr\/blog\/wp-content\/uploads\/2019\/06\/Image1-1-1024x629.png\" alt=\"\" width=\"625\" height=\"384\" srcset=\"https:\/\/omsvillejuif.fr\/blog\/wp-content\/uploads\/2019\/06\/Image1-1-1024x629.png 1024w, https:\/\/omsvillejuif.fr\/blog\/wp-content\/uploads\/2019\/06\/Image1-1-300x184.png 300w, https:\/\/omsvillejuif.fr\/blog\/wp-content\/uploads\/2019\/06\/Image1-1-768x472.png 768w, https:\/\/omsvillejuif.fr\/blog\/wp-content\/uploads\/2019\/06\/Image1-1-624x383.png 624w, https:\/\/omsvillejuif.fr\/blog\/wp-content\/uploads\/2019\/06\/Image1-1.png 1728w\" sizes=\"auto, (max-width: 625px) 100vw, 625px\" \/><\/p>\n<p>&nbsp;<\/p>\n","protected":false},"excerpt":{"rendered":"<p>Voici ci-dessous le calendrier du mois de juin pour les \u00e9lus du bureau de l&rsquo;OMS : Le mois de juin sera notamment marqu\u00e9 par les f\u00eates de fin de saison de nos associations adh\u00e9rentes ! Des moments festifs et conviviaux ! &nbsp;<\/p>\n","protected":false},"author":3,"featured_media":0,"comment_status":"open","ping_status":"closed","sticky":false,"template":"","format":"standard","meta":{"footnotes":""},"categories":[1],"tags":[],"class_list":["post-1229","post","type-post","status-publish","format-standard","hentry","category-non-classe"],"_links":{"self":[{"href":"https:\/\/omsvillejuif.fr\/blog\/wp-json\/wp\/v2\/posts\/1229","targetHints":{"allow":["GET"]}}],"collection":[{"href":"https:\/\/omsvillejuif.fr\/blog\/wp-json\/wp\/v2\/posts"}],"about":[{"href":"https:\/\/omsvillejuif.fr\/blog\/wp-json\/wp\/v2\/types\/post"}],"author":[{"embeddable":true,"href":"https:\/\/omsvillejuif.fr\/blog\/wp-json\/wp\/v2\/users\/3"}],"replies":[{"embeddable":true,"href":"https:\/\/omsvillejuif.fr\/blog\/wp-json\/wp\/v2\/comments?post=1229"}],"version-history":[{"count":3,"href":"https:\/\/omsvillejuif.fr\/blog\/wp-json\/wp\/v2\/posts\/1229\/revisions"}],"predecessor-version":[{"id":1235,"href":"https:\/\/omsvillejuif.fr\/blog\/wp-json\/wp\/v2\/posts\/1229\/revisions\/1235"}],"wp:attachment":[{"href":"https:\/\/omsvillejuif.fr\/blog\/wp-json\/wp\/v2\/media?parent=1229"}],"wp:term":[{"taxonomy":"category","embeddable":true,"href":"https:\/\/omsvillejuif.fr\/blog\/wp-json\/wp\/v2\/categories?post=1229"},{"taxonomy":"post_tag","embeddable":true,"href":"https:\/\/omsvillejuif.fr\/blog\/wp-json\/wp\/v2\/tags?post=1229"}],"curies":[{"name":"wp","href":"https:\/\/api.w.org\/{rel}","templated":true}]}}