{"id":1225,"date":"2019-05-10T18:16:18","date_gmt":"2019-05-10T16:16:18","guid":{"rendered":"https:\/\/omsvillejuif.fr\/blog\/?p=1225"},"modified":"2019-05-10T18:16:18","modified_gmt":"2019-05-10T16:16:18","slug":"lagenda-de-loms-4","status":"publish","type":"post","link":"https:\/\/omsvillejuif.fr\/blog\/2019\/05\/lagenda-de-loms-4\/","title":{"rendered":"L&rsquo;Agenda de l&rsquo;OMS"},"content":{"rendered":"<p>Voici ci-dessous le calendrier du mois de mai pour les \u00e9lus du bureau de l&rsquo;OMS :<\/p>\n<p>Le mois de mai sera une nouvelle fois marqu\u00e9 par de nombreux \u00e9v\u00e9nements sur Villejuif, la fin de saison approche, et avec elle les \u00e9v\u00e9nements festifs ! Restez informez !<\/p>\n<p><img loading=\"lazy\" decoding=\"async\" class=\"alignnone wp-image-1226 size-large\" src=\"https:\/\/omsvillejuif.fr\/blog\/wp-content\/uploads\/2019\/05\/Image1-1024x581.png\" alt=\"\" width=\"625\" height=\"355\" srcset=\"https:\/\/omsvillejuif.fr\/blog\/wp-content\/uploads\/2019\/05\/Image1-1024x581.png 1024w, https:\/\/omsvillejuif.fr\/blog\/wp-content\/uploads\/2019\/05\/Image1-300x170.png 300w, https:\/\/omsvillejuif.fr\/blog\/wp-content\/uploads\/2019\/05\/Image1-768x436.png 768w, https:\/\/omsvillejuif.fr\/blog\/wp-content\/uploads\/2019\/05\/Image1-624x354.png 624w, https:\/\/omsvillejuif.fr\/blog\/wp-content\/uploads\/2019\/05\/Image1.png 1728w\" sizes=\"auto, (max-width: 625px) 100vw, 625px\" \/><\/p>\n<p>&nbsp;<\/p>\n","protected":false},"excerpt":{"rendered":"<p>Voici ci-dessous le calendrier du mois de mai pour les \u00e9lus du bureau de l&rsquo;OMS : Le mois de mai sera une nouvelle fois marqu\u00e9 par de nombreux \u00e9v\u00e9nements sur Villejuif, la fin de saison approche, et avec elle les \u00e9v\u00e9nements festifs ! Restez informez ! &nbsp;<\/p>\n","protected":false},"author":3,"featured_media":0,"comment_status":"open","ping_status":"closed","sticky":false,"template":"","format":"standard","meta":{"footnotes":""},"categories":[1],"tags":[],"class_list":["post-1225","post","type-post","status-publish","format-standard","hentry","category-non-classe"],"_links":{"self":[{"href":"https:\/\/omsvillejuif.fr\/blog\/wp-json\/wp\/v2\/posts\/1225","targetHints":{"allow":["GET"]}}],"collection":[{"href":"https:\/\/omsvillejuif.fr\/blog\/wp-json\/wp\/v2\/posts"}],"about":[{"href":"https:\/\/omsvillejuif.fr\/blog\/wp-json\/wp\/v2\/types\/post"}],"author":[{"embeddable":true,"href":"https:\/\/omsvillejuif.fr\/blog\/wp-json\/wp\/v2\/users\/3"}],"replies":[{"embeddable":true,"href":"https:\/\/omsvillejuif.fr\/blog\/wp-json\/wp\/v2\/comments?post=1225"}],"version-history":[{"count":1,"href":"https:\/\/omsvillejuif.fr\/blog\/wp-json\/wp\/v2\/posts\/1225\/revisions"}],"predecessor-version":[{"id":1227,"href":"https:\/\/omsvillejuif.fr\/blog\/wp-json\/wp\/v2\/posts\/1225\/revisions\/1227"}],"wp:attachment":[{"href":"https:\/\/omsvillejuif.fr\/blog\/wp-json\/wp\/v2\/media?parent=1225"}],"wp:term":[{"taxonomy":"category","embeddable":true,"href":"https:\/\/omsvillejuif.fr\/blog\/wp-json\/wp\/v2\/categories?post=1225"},{"taxonomy":"post_tag","embeddable":true,"href":"https:\/\/omsvillejuif.fr\/blog\/wp-json\/wp\/v2\/tags?post=1225"}],"curies":[{"name":"wp","href":"https:\/\/api.w.org\/{rel}","templated":true}]}}