{"id":1205,"date":"2019-03-11T15:12:19","date_gmt":"2019-03-11T14:12:19","guid":{"rendered":"https:\/\/omsvillejuif.fr\/blog\/?p=1205"},"modified":"2019-03-11T15:13:33","modified_gmt":"2019-03-11T14:13:33","slug":"lagenda-de-loms-2","status":"publish","type":"post","link":"https:\/\/omsvillejuif.fr\/blog\/2019\/03\/lagenda-de-loms-2\/","title":{"rendered":"L&rsquo;Agenda de l&rsquo;OMS"},"content":{"rendered":"<p>Voici ci-dessous le calendrier de mars pour les \u00e9lus du bureau de l&rsquo;OMS :<\/p>\r\n<p>En toute transparence, l&rsquo;OMS vous livre son agenda pour le mois de mars.<\/p>\r\n<p>Ce mois-ci, le bureau va recevoir une nouvelle fois les dirigeants de 4 associations adh\u00e9rentes pour un moment d&rsquo;\u00e9change autour du r\u00f4le de l&rsquo;OMS.<\/p>\r\n<p>Le mois de mars sera \u00e9galement marqu\u00e9 par de nombreux \u00e9v\u00e9nements sur Villejuif, ainsi qu&rsquo;une formation sur les pratiques partag\u00e9es propos\u00e9es aux associations de l&rsquo;OMS. <img loading=\"lazy\" decoding=\"async\" class=\"aligncenter wp-image-1206 size-large\" src=\"https:\/\/omsvillejuif.fr\/blog\/wp-content\/uploads\/2019\/03\/Image1-1024x629.png\" alt=\"\" width=\"625\" height=\"384\" srcset=\"https:\/\/omsvillejuif.fr\/blog\/wp-content\/uploads\/2019\/03\/Image1-1024x629.png 1024w, https:\/\/omsvillejuif.fr\/blog\/wp-content\/uploads\/2019\/03\/Image1-300x184.png 300w, https:\/\/omsvillejuif.fr\/blog\/wp-content\/uploads\/2019\/03\/Image1-768x472.png 768w, https:\/\/omsvillejuif.fr\/blog\/wp-content\/uploads\/2019\/03\/Image1-624x383.png 624w, https:\/\/omsvillejuif.fr\/blog\/wp-content\/uploads\/2019\/03\/Image1.png 1728w\" sizes=\"auto, (max-width: 625px) 100vw, 625px\" \/><\/p>\r\n<!-- \/wp:post-content -->\r\n\r\n<!-- wp:paragraph \/-->\r\n\r\n<!-- wp:paragraph \/-->\r\n\r\n","protected":false},"excerpt":{"rendered":"<p>Voici ci-dessous le calendrier de mars pour les \u00e9lus du bureau de l&rsquo;OMS : En toute transparence, l&rsquo;OMS vous livre son agenda pour le mois de mars. Ce mois-ci, le bureau va recevoir une nouvelle fois les dirigeants de 4 associations adh\u00e9rentes pour un moment d&rsquo;\u00e9change autour du r\u00f4le de l&rsquo;OMS. Le mois de mars [&hellip;]<\/p>\n","protected":false},"author":3,"featured_media":0,"comment_status":"open","ping_status":"closed","sticky":false,"template":"","format":"standard","meta":{"footnotes":""},"categories":[1],"tags":[],"class_list":["post-1205","post","type-post","status-publish","format-standard","hentry","category-non-classe"],"_links":{"self":[{"href":"https:\/\/omsvillejuif.fr\/blog\/wp-json\/wp\/v2\/posts\/1205","targetHints":{"allow":["GET"]}}],"collection":[{"href":"https:\/\/omsvillejuif.fr\/blog\/wp-json\/wp\/v2\/posts"}],"about":[{"href":"https:\/\/omsvillejuif.fr\/blog\/wp-json\/wp\/v2\/types\/post"}],"author":[{"embeddable":true,"href":"https:\/\/omsvillejuif.fr\/blog\/wp-json\/wp\/v2\/users\/3"}],"replies":[{"embeddable":true,"href":"https:\/\/omsvillejuif.fr\/blog\/wp-json\/wp\/v2\/comments?post=1205"}],"version-history":[{"count":3,"href":"https:\/\/omsvillejuif.fr\/blog\/wp-json\/wp\/v2\/posts\/1205\/revisions"}],"predecessor-version":[{"id":1209,"href":"https:\/\/omsvillejuif.fr\/blog\/wp-json\/wp\/v2\/posts\/1205\/revisions\/1209"}],"wp:attachment":[{"href":"https:\/\/omsvillejuif.fr\/blog\/wp-json\/wp\/v2\/media?parent=1205"}],"wp:term":[{"taxonomy":"category","embeddable":true,"href":"https:\/\/omsvillejuif.fr\/blog\/wp-json\/wp\/v2\/categories?post=1205"},{"taxonomy":"post_tag","embeddable":true,"href":"https:\/\/omsvillejuif.fr\/blog\/wp-json\/wp\/v2\/tags?post=1205"}],"curies":[{"name":"wp","href":"https:\/\/api.w.org\/{rel}","templated":true}]}}