{"id":1194,"date":"2019-02-21T12:14:34","date_gmt":"2019-02-21T11:14:34","guid":{"rendered":"https:\/\/omsvillejuif.fr\/blog\/?p=1194"},"modified":"2019-02-21T12:18:58","modified_gmt":"2019-02-21T11:18:58","slug":"formation-sur-les-pratiques-partagees-handi-valide","status":"publish","type":"post","link":"https:\/\/omsvillejuif.fr\/blog\/2019\/02\/formation-sur-les-pratiques-partagees-handi-valide\/","title":{"rendered":"Formation sur les pratiques partag\u00e9es handi-valide"},"content":{"rendered":"\n<p><strong>Vendredi 15 et Samedi 16 mars<\/strong> prochain se d\u00e9roule la formation sur les <strong>pratiques partag\u00e9es handi-valide<\/strong>. <\/p>\n\n\n\n<p>Cette formation sera divis\u00e9e en deux modules : une partie th\u00e9orique afin de faire \u00e9tat des connaissances des diff\u00e9rentes formes de handicap et de l&rsquo;int\u00e9r\u00eat des pratiques partag\u00e9es, et une partie pratique avec l&rsquo;observation d&rsquo;une s\u00e9ance de pratiques partag\u00e9es handi-valide et des mises en situation.<\/p>\n\n\n\n<p><strong>Pour chacune des associations adh\u00e9rentes, l&rsquo;OMS prend en charge les deux premi\u00e8res inscriptions \u00e0 cette formation<\/strong> ! Pensez \u00e0 retourner le bulletin d&rsquo;inscription \u00e0 l&rsquo;OMS !<\/p>\n\n\n\n<p>Vous trouverez toutes les informations dans la plaquette ci-dessous.<\/p>\n\n\n\n<div class=\"wp-block-file\"><a href=\"https:\/\/omsvillejuif.fr\/blog\/wp-content\/uploads\/2019\/02\/Fiche-dinscription.pdf\" target=\"_blank\" rel=\"noreferrer noopener\">Fiche d&rsquo;inscription<\/a><a href=\"https:\/\/omsvillejuif.fr\/blog\/wp-content\/uploads\/2019\/02\/Fiche-dinscription.pdf\" class=\"wp-block-file__button\" download>T\u00e9l\u00e9charger<\/a><\/div>\n\n\n\n<figure class=\"wp-block-image\"><img loading=\"lazy\" decoding=\"async\" width=\"724\" height=\"1024\" src=\"https:\/\/omsvillejuif.fr\/blog\/wp-content\/uploads\/2019\/02\/Fiche-dinscription-1-724x1024.png\" alt=\"\" class=\"wp-image-1196\" srcset=\"https:\/\/omsvillejuif.fr\/blog\/wp-content\/uploads\/2019\/02\/Fiche-dinscription-1-724x1024.png 724w, https:\/\/omsvillejuif.fr\/blog\/wp-content\/uploads\/2019\/02\/Fiche-dinscription-1-212x300.png 212w, https:\/\/omsvillejuif.fr\/blog\/wp-content\/uploads\/2019\/02\/Fiche-dinscription-1-768x1086.png 768w, https:\/\/omsvillejuif.fr\/blog\/wp-content\/uploads\/2019\/02\/Fiche-dinscription-1-624x882.png 624w, https:\/\/omsvillejuif.fr\/blog\/wp-content\/uploads\/2019\/02\/Fiche-dinscription-1.png 1654w\" sizes=\"auto, (max-width: 724px) 100vw, 724px\" \/><\/figure>\n","protected":false},"excerpt":{"rendered":"<p>Vendredi 15 et Samedi 16 mars prochain se d\u00e9roule la formation sur les pratiques partag\u00e9es handi-valide. Cette formation sera divis\u00e9e en deux modules : une partie th\u00e9orique afin de faire \u00e9tat des connaissances des diff\u00e9rentes formes de handicap et de l&rsquo;int\u00e9r\u00eat des pratiques partag\u00e9es, et une partie pratique avec l&rsquo;observation d&rsquo;une s\u00e9ance de pratiques partag\u00e9es [&hellip;]<\/p>\n","protected":false},"author":3,"featured_media":0,"comment_status":"open","ping_status":"closed","sticky":false,"template":"","format":"standard","meta":{"footnotes":""},"categories":[1],"tags":[],"class_list":["post-1194","post","type-post","status-publish","format-standard","hentry","category-non-classe"],"_links":{"self":[{"href":"https:\/\/omsvillejuif.fr\/blog\/wp-json\/wp\/v2\/posts\/1194","targetHints":{"allow":["GET"]}}],"collection":[{"href":"https:\/\/omsvillejuif.fr\/blog\/wp-json\/wp\/v2\/posts"}],"about":[{"href":"https:\/\/omsvillejuif.fr\/blog\/wp-json\/wp\/v2\/types\/post"}],"author":[{"embeddable":true,"href":"https:\/\/omsvillejuif.fr\/blog\/wp-json\/wp\/v2\/users\/3"}],"replies":[{"embeddable":true,"href":"https:\/\/omsvillejuif.fr\/blog\/wp-json\/wp\/v2\/comments?post=1194"}],"version-history":[{"count":2,"href":"https:\/\/omsvillejuif.fr\/blog\/wp-json\/wp\/v2\/posts\/1194\/revisions"}],"predecessor-version":[{"id":1200,"href":"https:\/\/omsvillejuif.fr\/blog\/wp-json\/wp\/v2\/posts\/1194\/revisions\/1200"}],"wp:attachment":[{"href":"https:\/\/omsvillejuif.fr\/blog\/wp-json\/wp\/v2\/media?parent=1194"}],"wp:term":[{"taxonomy":"category","embeddable":true,"href":"https:\/\/omsvillejuif.fr\/blog\/wp-json\/wp\/v2\/categories?post=1194"},{"taxonomy":"post_tag","embeddable":true,"href":"https:\/\/omsvillejuif.fr\/blog\/wp-json\/wp\/v2\/tags?post=1194"}],"curies":[{"name":"wp","href":"https:\/\/api.w.org\/{rel}","templated":true}]}}