{"id":1089,"date":"2019-02-04T11:29:29","date_gmt":"2019-02-04T10:29:29","guid":{"rendered":"https:\/\/omsvillejuif.fr\/blog\/?p=1089"},"modified":"2019-02-04T11:29:30","modified_gmt":"2019-02-04T10:29:30","slug":"championnat-departemental-de-tir-a-larc","status":"publish","type":"post","link":"https:\/\/omsvillejuif.fr\/blog\/2019\/02\/championnat-departemental-de-tir-a-larc\/","title":{"rendered":"Championnat d\u00e9partemental de tir \u00e0 l&rsquo;arc"},"content":{"rendered":"\n<p>Le week-end du 26 et 27 janvier 2019, l&rsquo;Union Sportive Villejuif tir \u00e0 l&rsquo;arc a particip\u00e9 au championnat d\u00e9partemental de tir \u00e0 l\u2019arc en salle. <\/p>\n\n\n\n<ul class=\"wp-block-gallery columns-1 is-cropped wp-block-gallery-1 is-layout-flex wp-block-gallery-is-layout-flex\"><li class=\"blocks-gallery-item\"><figure><img loading=\"lazy\" decoding=\"async\" width=\"1024\" height=\"768\" src=\"https:\/\/omsvillejuif.fr\/blog\/wp-content\/uploads\/2019\/02\/51072996_10156347957338583_5051414446753185792_o-1024x768.jpg\" alt=\"\" data-id=\"1090\" data-link=\"https:\/\/omsvillejuif.fr\/blog\/?attachment_id=1090\" class=\"wp-image-1090\" srcset=\"https:\/\/omsvillejuif.fr\/blog\/wp-content\/uploads\/2019\/02\/51072996_10156347957338583_5051414446753185792_o-1024x768.jpg 1024w, https:\/\/omsvillejuif.fr\/blog\/wp-content\/uploads\/2019\/02\/51072996_10156347957338583_5051414446753185792_o-300x225.jpg 300w, https:\/\/omsvillejuif.fr\/blog\/wp-content\/uploads\/2019\/02\/51072996_10156347957338583_5051414446753185792_o-768x576.jpg 768w, https:\/\/omsvillejuif.fr\/blog\/wp-content\/uploads\/2019\/02\/51072996_10156347957338583_5051414446753185792_o-624x468.jpg 624w, https:\/\/omsvillejuif.fr\/blog\/wp-content\/uploads\/2019\/02\/51072996_10156347957338583_5051414446753185792_o.jpg 1440w\" sizes=\"auto, (max-width: 1024px) 100vw, 1024px\" \/><\/figure><\/li><\/ul>\n\n\n\n<p>Le samedi, les archers, huit jeunes et onze adultes, ont particip\u00e9 aux tirs de qualifications pour les phases finales. \u00c0 la fin de la journ\u00e9e, sept arch\u00e8res et archers ont \u00e9t\u00e9 qualifi\u00e9s pour les duels (dans les cat\u00e9gories \u00e0 plus de 4 archers) ainsi que deux \u00e9quipes poulies mixtes, une \u00e9quipe jeunes mixte et une \u00e9quipe hommes arcs classiques .<\/p>\n\n\n\n<p>D\u00e8s le dimanche matin, les sportifs et sportives, jeunes et adultes, \u00e9taient pr\u00eat.e.s \u00e0 se battre pour les podiums lors des duels.&nbsp; Sous la forme d&rsquo;un tournoi, chaque archer tire trois fl\u00e8ches, le meilleur gagne deux points (un en cas d&rsquo;\u00e9galit\u00e9). Le premier comp\u00e9titeur \u00e0 six points se qualifie pour l&rsquo;\u00e9tape suivante.<\/p>\n\n\n\n<p>La journ\u00e9e, c\u2019est achev\u00e9 par la remise des m\u00e9dailles, o\u00f9 les arch\u00e8res et archers de Villejuif ont remport\u00e9 neuf r\u00e9compenses en individuels et deux en \u00e9quipe. La prochaine \u00e9tape sera le championnat r\u00e9gional d\u2019\u00cele de France.<\/p>\n\n\n\n<p>&#8211;<strong>\u00a0MANUCCI AURIANE\u00a0<\/strong>2e \u00a0POUSSINS DAMES ARC CLASSIQUE<br>&#8211;\u00a0<strong>HARMAND MAXENCE<\/strong>\u00a0\u00a01er POUSSINS HOMMES ARC CLASSIQUE\u00a0<br>&#8211;\u00a0<strong>BOUILLY MAXENCE<\/strong>\u00a0\u00a03e \u00a0BENJAMINS HOMMES ARC CLASSIQUE<br>&#8211;\u00a0<strong>MAWART ERWAN<\/strong>\u00a0\u00a01er CADETS HOMMES ARC CLASSIQUE\u00a0<br>&#8211;\u00a0<strong>NAUDIN THOMAS<\/strong>\u00a0\u00a02e CADETS HOMMES ARC A POULIES\u00a0<br>&#8211;\u00a0<strong>SEITE MARYLINE<\/strong>\u00a01ere \u00a0SENIORS 1 DAMES ARC A POULIES<br>&#8211;\u00a0<strong>KISS GUILLAUME<\/strong>\u00a0\u00a02e SENIORS 1 HOMMES ARC A POULIES\u00a0<br>&#8211;\u00a0<strong>LECHAT ISABELLE<\/strong>\u00a02e SENIORS 2 DAMES ARC A POULIES<br>&#8211;\u00a0<strong>RAKOTOARISON HARILALA<\/strong>\u00a0\u00a01ere SENIORS DAMES ARC NU\u00a0 <\/p>\n\n\n","protected":false},"excerpt":{"rendered":"<p>Le week-end du 26 et 27 janvier 2019, l&rsquo;Union Sportive Villejuif tir \u00e0 l&rsquo;arc a particip\u00e9 au championnat d\u00e9partemental de tir \u00e0 l\u2019arc en salle. Le samedi, les archers, huit jeunes et onze adultes, ont particip\u00e9 aux tirs de qualifications pour les phases finales. \u00c0 la fin de la journ\u00e9e, sept arch\u00e8res et archers ont [&hellip;]<\/p>\n","protected":false},"author":3,"featured_media":0,"comment_status":"open","ping_status":"closed","sticky":false,"template":"","format":"standard","meta":{"footnotes":""},"categories":[1],"tags":[],"class_list":["post-1089","post","type-post","status-publish","format-standard","hentry","category-non-classe"],"_links":{"self":[{"href":"https:\/\/omsvillejuif.fr\/blog\/wp-json\/wp\/v2\/posts\/1089","targetHints":{"allow":["GET"]}}],"collection":[{"href":"https:\/\/omsvillejuif.fr\/blog\/wp-json\/wp\/v2\/posts"}],"about":[{"href":"https:\/\/omsvillejuif.fr\/blog\/wp-json\/wp\/v2\/types\/post"}],"author":[{"embeddable":true,"href":"https:\/\/omsvillejuif.fr\/blog\/wp-json\/wp\/v2\/users\/3"}],"replies":[{"embeddable":true,"href":"https:\/\/omsvillejuif.fr\/blog\/wp-json\/wp\/v2\/comments?post=1089"}],"version-history":[{"count":1,"href":"https:\/\/omsvillejuif.fr\/blog\/wp-json\/wp\/v2\/posts\/1089\/revisions"}],"predecessor-version":[{"id":1091,"href":"https:\/\/omsvillejuif.fr\/blog\/wp-json\/wp\/v2\/posts\/1089\/revisions\/1091"}],"wp:attachment":[{"href":"https:\/\/omsvillejuif.fr\/blog\/wp-json\/wp\/v2\/media?parent=1089"}],"wp:term":[{"taxonomy":"category","embeddable":true,"href":"https:\/\/omsvillejuif.fr\/blog\/wp-json\/wp\/v2\/categories?post=1089"},{"taxonomy":"post_tag","embeddable":true,"href":"https:\/\/omsvillejuif.fr\/blog\/wp-json\/wp\/v2\/tags?post=1089"}],"curies":[{"name":"wp","href":"https:\/\/api.w.org\/{rel}","templated":true}]}}