{"id":1010,"date":"2019-01-03T11:38:41","date_gmt":"2019-01-03T10:38:41","guid":{"rendered":"https:\/\/omsvillejuif.fr\/blog\/?p=1010"},"modified":"2019-01-29T12:19:10","modified_gmt":"2019-01-29T11:19:10","slug":"lagenda-de-loms","status":"publish","type":"post","link":"https:\/\/omsvillejuif.fr\/blog\/2019\/01\/lagenda-de-loms\/","title":{"rendered":"L&rsquo;Agenda de l&rsquo;OMS"},"content":{"rendered":"<p>Voici ci-dessous le calendrier de janvier pour les \u00e9lus du bureau de l&rsquo;OMS :<\/p>\n<p>En toute transparence, l&rsquo;OMS vous livre son agenda pour le mois de janvier.<\/p>\n<p>Le bureau a d\u00e9cid\u00e9 de recevoir les dirigeants des clubs adh\u00e9rents d\u00e8s le mois de janvier pour un moment d&rsquo;\u00e9change autour du r\u00f4le de l&rsquo;OMS.<br \/>\nN&rsquo;oubliez pas de r\u00e9server votre cr\u00e9neau !<\/p>\n<p><img loading=\"lazy\" decoding=\"async\" class=\"alignnone wp-image-1019\" src=\"https:\/\/omsvillejuif.fr\/blog\/wp-content\/uploads\/2019\/01\/Image1-1-1024x388.png\" alt=\"\" width=\"800\" height=\"303\" srcset=\"https:\/\/omsvillejuif.fr\/blog\/wp-content\/uploads\/2019\/01\/Image1-1-1024x388.png 1024w, https:\/\/omsvillejuif.fr\/blog\/wp-content\/uploads\/2019\/01\/Image1-1-300x114.png 300w, https:\/\/omsvillejuif.fr\/blog\/wp-content\/uploads\/2019\/01\/Image1-1-768x291.png 768w, https:\/\/omsvillejuif.fr\/blog\/wp-content\/uploads\/2019\/01\/Image1-1-624x237.png 624w, https:\/\/omsvillejuif.fr\/blog\/wp-content\/uploads\/2019\/01\/Image1-1.png 1728w\" sizes=\"auto, (max-width: 800px) 100vw, 800px\" \/><\/p>\n","protected":false},"excerpt":{"rendered":"<p>Voici ci-dessous le calendrier de janvier pour les \u00e9lus du bureau de l&rsquo;OMS : En toute transparence, l&rsquo;OMS vous livre son agenda pour le mois de janvier. Le bureau a d\u00e9cid\u00e9 de recevoir les dirigeants des clubs adh\u00e9rents d\u00e8s le mois de janvier pour un moment d&rsquo;\u00e9change autour du r\u00f4le de l&rsquo;OMS. N&rsquo;oubliez pas de [&hellip;]<\/p>\n","protected":false},"author":3,"featured_media":0,"comment_status":"open","ping_status":"closed","sticky":false,"template":"","format":"standard","meta":{"footnotes":""},"categories":[1],"tags":[],"class_list":["post-1010","post","type-post","status-publish","format-standard","hentry","category-non-classe"],"_links":{"self":[{"href":"https:\/\/omsvillejuif.fr\/blog\/wp-json\/wp\/v2\/posts\/1010","targetHints":{"allow":["GET"]}}],"collection":[{"href":"https:\/\/omsvillejuif.fr\/blog\/wp-json\/wp\/v2\/posts"}],"about":[{"href":"https:\/\/omsvillejuif.fr\/blog\/wp-json\/wp\/v2\/types\/post"}],"author":[{"embeddable":true,"href":"https:\/\/omsvillejuif.fr\/blog\/wp-json\/wp\/v2\/users\/3"}],"replies":[{"embeddable":true,"href":"https:\/\/omsvillejuif.fr\/blog\/wp-json\/wp\/v2\/comments?post=1010"}],"version-history":[{"count":4,"href":"https:\/\/omsvillejuif.fr\/blog\/wp-json\/wp\/v2\/posts\/1010\/revisions"}],"predecessor-version":[{"id":1166,"href":"https:\/\/omsvillejuif.fr\/blog\/wp-json\/wp\/v2\/posts\/1010\/revisions\/1166"}],"wp:attachment":[{"href":"https:\/\/omsvillejuif.fr\/blog\/wp-json\/wp\/v2\/media?parent=1010"}],"wp:term":[{"taxonomy":"category","embeddable":true,"href":"https:\/\/omsvillejuif.fr\/blog\/wp-json\/wp\/v2\/categories?post=1010"},{"taxonomy":"post_tag","embeddable":true,"href":"https:\/\/omsvillejuif.fr\/blog\/wp-json\/wp\/v2\/tags?post=1010"}],"curies":[{"name":"wp","href":"https:\/\/api.w.org\/{rel}","templated":true}]}}